
{"id":9355,"date":"2025-03-20T10:01:23","date_gmt":"2025-03-20T10:01:23","guid":{"rendered":"https:\/\/podpora.nuggetsw.cz\/?p=9355"},"modified":"2025-03-20T10:01:23","modified_gmt":"2025-03-20T10:01:23","slug":"nuggetoviny-brezen-2025","status":"publish","type":"post","link":"https:\/\/podpora.nuggetsw.cz\/index.php\/2025\/03\/20\/nuggetoviny-brezen-2025\/","title":{"rendered":"Nuggetoviny b\u0159ezen 2025"},"content":{"rendered":"<p lang=\"CS-CZ\" xml:lang=\"CS-CZ\">V\u00e1\u017een\u00ed obchodn\u00ed p\u0159\u00e1tel\u00e9, mil\u00ed klienti,\u00a0<\/p>\n<p lang=\"CS-CZ\" xml:lang=\"CS-CZ\">v\u00edt\u00e1me V\u00e1s u <strong>dal\u0161\u00edho vyd\u00e1n\u00ed<\/strong> Va\u0161ich obl\u00edben\u00fdch Nuggetovin. Jako v\u017edy jsme pro V\u00e1s p\u0159ipravili shrnut\u00ed novinek a zaj\u00edmavost\u00ed t\u00fdkaj\u00edc\u00edch se (nejen) na\u0161eho mzdov\u00e9ho a person\u00e1ln\u00edho programu Nugget.<br \/><br \/>Nejd\u0159\u00edve V\u00e1s budeme informovat o <strong>flexibiln\u00ed novele z\u00e1kon\u00edku pr\u00e1ce<\/strong>, jej\u00ed\u017e \u00fa\u010dinnost se o\u010dek\u00e1v\u00e1 od 1. 6. 2025. D\u00e1le V\u00e1m shrneme novinky ohledn\u011b <strong>Jednotn\u00e9ho m\u011bs\u00ed\u010dn\u00edho hl\u00e1\u0161en\u00ed zam\u011bstnavatele<\/strong> (JMHZ), kter\u00e9 bude tak\u00e9 jedn\u00edm z t\u00e9mat na na\u0161\u00ed\u00a0<strong>Jarn\u00ed e-Konferenci, kter\u00e1 prob\u011bhne 15. -16. dubna 2025 on-line<\/strong>. Nezapome\u0148te se na ni v\u010das p\u0159ihl\u00e1sit!\u00a0Hlavn\u00edmi p\u0159edn\u00e1\u0161ej\u00edc\u00edmi budou\u00a0\u0161pi\u010dkov\u00ed odborn\u00edci jako nap\u0159\u00edklad\u00a0Ing. Hanu\u0161\u00a0Kytler,\u00a0JUDr. Dominik Br\u016fha, Ph.D. a dal\u0161\u00ed.\u00a0<br \/><br \/>D\u00e1le pro V\u00e1s m\u00e1me dal\u0161\u00ed praktick\u00e9 tipy, <strong>jak na pr\u00e1ci se syst\u00e9mem Nugget SW<\/strong> &#8211; na co si d\u00e1t pozor p\u0159i v\u00fdpo\u010dtu minim\u00e1ln\u00edho vym\u011b\u0159ovac\u00edho z\u00e1kladu nebo jak je to s d\u016fchodov\u00fdm v\u011bkem.\u00a0<br \/>Z <strong>dotaz\u016f na na\u0161\u00ed hotline<\/strong> p\u0159ipomeneme, pro\u010d je d\u016fle\u017eit\u00e9 m\u00edt pro jednoho zam\u011bstnance jedno osobn\u00ed \u010d\u00edslo a pod\u00edv\u00e1me se na dopo\u010det zdravotn\u00edho poji\u0161t\u011bn\u00ed v praxi.\u00a0<br \/><br \/>Na z\u00e1v\u011br si dovolujeme V\u00e1m p\u0159ipomenout <strong><a href=\"https:\/\/www.nuggetsw.cz\/e-davky-2025-nugget-sw\/\" target=\"_blank\" rel=\"noopener\" data-cke-saved-href=\"https:\/\/www.nuggetsw.cz\/e-davky-2025-nugget-sw\/\">n\u00e1\u0161 \u010dl\u00e1nek ohledn\u011b elektronizace d\u00e1vek nemocensk\u00e9ho poji\u0161t\u011bn\u00ed<\/a><\/strong>. Je velmi podrobn\u00fd, ale obsahuje opravdu v\u0161echny informace, kter\u00e9 pot\u0159ebujete. Z praxe v\u00edme, \u017ee se jedn\u00e1 o slo\u017eitou problematiku a mnoho z\u00e1kazn\u00edk\u016f se na n\u00e1s dnes a denn\u011b obrac\u00ed s \u017e\u00e1dost\u00ed o radu.\u00a0<\/p>\n<p lang=\"CS-CZ\" xml:lang=\"CS-CZ\">Jako v\u017edy\u00a0uv\u00edt\u00e1me <strong>dopl\u0148uj\u00edc\u00ed dotazy\u00a0k jednotliv\u00fdm t\u00e9mat\u016fm<\/strong> a samoz\u0159ejm\u011b i p\u0159\u00edpadn\u00e9\u00a0n\u00e1pady a podn\u011bty\u00a0pro dal\u0161\u00ed vyd\u00e1n\u00ed na\u0161eho newsletteru.<\/p>\n<p lang=\"CS-CZ\" xml:lang=\"CS-CZ\">D\u011bkujeme, \u017ee jste s n\u00e1mi, a p\u0159ejeme V\u00e1m p\u0159\u00edjemn\u00e9 \u010dten\u00ed!\u00a0<\/p>\n<p lang=\"CS-CZ\" xml:lang=\"CS-CZ\">T\u00fdm Nugget SW\u00a0<\/p>\n<hr \/>\n<h4><span style=\"color: #009cde;\"><strong>Flexinovela z\u00e1kon\u00edku pr\u00e1ce <\/strong><\/span><\/h4>\n<p lang=\"CS-CZ\" xml:lang=\"CS-CZ\">Jako v\u017edy pro V\u00e1s <strong>monitorujeme legislativn\u00ed zm\u011bny<\/strong>. Minul\u00fd t\u00fdden poslanci schv\u00e1lili Flexinovelu z\u00e1kon\u00edku pr\u00e1ce, kter\u00e1 p\u0159in\u00e1\u0161\u00ed z\u00e1sadn\u00ed zm\u011bny. Novelu\u00a0mus\u00ed schv\u00e1lit sen\u00e1to\u0159i a podepsat prezident, <strong>\u00fa\u010dinnost se o\u010dek\u00e1v\u00e1\u00a0od 1. 6. 2025<\/strong>.<br \/><br \/>P\u0159in\u00e1\u0161\u00edme V\u00e1m kr\u00e1tk\u00fd <strong>souhrn schv\u00e1len\u00fdch zm\u011bn:<\/strong><\/p>\n<ul role=\"list\">\n<li role=\"listitem\" aria-setsize=\"-1\" data-aria-level=\"1\" data-aria-posinset=\"1\" data-font=\"Symbol\" data-leveltext=\"\uf0b7\" data-list-defn-props=\"{&quot;335552541&quot;:1,&quot;335559683&quot;:0,&quot;335559684&quot;:-2,&quot;335559685&quot;:720,&quot;335559991&quot;:360,&quot;469769226&quot;:&quot;Symbol&quot;,&quot;469769242&quot;:[8226],&quot;469777803&quot;:&quot;left&quot;,&quot;469777804&quot;:&quot;\uf0b7&quot;,&quot;469777815&quot;:&quot;hybridMultilevel&quot;}\" data-listid=\"11\">\n<p lang=\"CS-CZ\" xml:lang=\"CS-CZ\">Prodlou\u017een\u00ed zku\u0161ebn\u00ed doby na 4 m\u011bs\u00edce (u vedouc\u00edch pracovn\u00edk\u016f na 8 m\u011bs\u00edc\u016f)\u00a0<\/p>\n<\/li>\n<li role=\"listitem\" aria-setsize=\"-1\" data-aria-level=\"1\" data-aria-posinset=\"2\" data-font=\"Symbol\" data-leveltext=\"\uf0b7\" data-list-defn-props=\"{&quot;335552541&quot;:1,&quot;335559683&quot;:0,&quot;335559684&quot;:-2,&quot;335559685&quot;:720,&quot;335559991&quot;:360,&quot;469769226&quot;:&quot;Symbol&quot;,&quot;469769242&quot;:[8226],&quot;469777803&quot;:&quot;left&quot;,&quot;469777804&quot;:&quot;\uf0b7&quot;,&quot;469777815&quot;:&quot;hybridMultilevel&quot;}\" data-listid=\"11\">\n<p lang=\"CS-CZ\" xml:lang=\"CS-CZ\">Zkr\u00e1cen\u00ed v\u00fdpov\u011bdn\u00ed doby na nejm\u00e9n\u011b 1 m\u011bs\u00edc \u2013 z\u00a0d\u016fvod\u016f uveden\u00fdch v \u00a7 52 p\u00edsm. f) a\u017e h)\u00a0<\/p>\n<\/li>\n<li role=\"listitem\" aria-setsize=\"-1\" data-aria-level=\"1\" data-aria-posinset=\"3\" data-font=\"Symbol\" data-leveltext=\"\uf0b7\" data-list-defn-props=\"{&quot;335552541&quot;:1,&quot;335559683&quot;:0,&quot;335559684&quot;:-2,&quot;335559685&quot;:720,&quot;335559991&quot;:360,&quot;469769226&quot;:&quot;Symbol&quot;,&quot;469769242&quot;:[8226],&quot;469777803&quot;:&quot;left&quot;,&quot;469777804&quot;:&quot;\uf0b7&quot;,&quot;469777815&quot;:&quot;hybridMultilevel&quot;}\" data-listid=\"11\">\n<p lang=\"CS-CZ\" xml:lang=\"CS-CZ\">V\u00fdplata mzdy\/platu v\u00a0ciz\u00ed m\u011bn\u011b\u00a0<\/p>\n<\/li>\n<li role=\"listitem\" aria-setsize=\"-1\" data-aria-level=\"1\" data-aria-posinset=\"4\" data-font=\"Symbol\" data-leveltext=\"\uf0b7\" data-list-defn-props=\"{&quot;335552541&quot;:1,&quot;335559683&quot;:0,&quot;335559684&quot;:-2,&quot;335559685&quot;:720,&quot;335559991&quot;:360,&quot;469769226&quot;:&quot;Symbol&quot;,&quot;469769242&quot;:[8226],&quot;469777803&quot;:&quot;left&quot;,&quot;469777804&quot;:&quot;\uf0b7&quot;,&quot;469777815&quot;:&quot;hybridMultilevel&quot;}\" data-listid=\"11\">\n<p lang=\"CS-CZ\" xml:lang=\"CS-CZ\">Mo\u017enost letn\u00ed brig\u00e1dy pro mladistv\u00e9 od 14 let\u00a0<\/p>\n<\/li>\n<li role=\"listitem\" aria-setsize=\"-1\" data-aria-level=\"1\" data-aria-posinset=\"5\" data-font=\"Symbol\" data-leveltext=\"\uf0b7\" data-list-defn-props=\"{&quot;335552541&quot;:1,&quot;335559683&quot;:0,&quot;335559684&quot;:-2,&quot;335559685&quot;:720,&quot;335559991&quot;:360,&quot;469769226&quot;:&quot;Symbol&quot;,&quot;469769242&quot;:[8226],&quot;469777803&quot;:&quot;left&quot;,&quot;469777804&quot;:&quot;\uf0b7&quot;,&quot;469777815&quot;:&quot;hybridMultilevel&quot;}\" data-listid=\"11\">\n<p lang=\"CS-CZ\" xml:lang=\"CS-CZ\">\u00daprava podm\u00ednek pro opakov\u00e1n\u00ed pracovn\u00edho pom\u011bru na dobu ur\u010ditou\u00a0<\/p>\n<\/li>\n<li role=\"listitem\" aria-setsize=\"-1\" data-aria-level=\"1\" data-aria-posinset=\"6\" data-font=\"Symbol\" data-leveltext=\"\uf0b7\" data-list-defn-props=\"{&quot;335552541&quot;:1,&quot;335559683&quot;:0,&quot;335559684&quot;:-2,&quot;335559685&quot;:720,&quot;335559991&quot;:360,&quot;469769226&quot;:&quot;Symbol&quot;,&quot;469769242&quot;:[8226],&quot;469777803&quot;:&quot;left&quot;,&quot;469777804&quot;:&quot;\uf0b7&quot;,&quot;469777815&quot;:&quot;hybridMultilevel&quot;}\" data-listid=\"11\">\n<p lang=\"CS-CZ\" xml:lang=\"CS-CZ\">Za\u0159azen\u00ed zam\u011bstnance na p\u016fvodn\u00ed pr\u00e1ci a pracovi\u0161t\u011b \u2013 po skon\u010den\u00ed rodi\u010dovsk\u00e9 dovolen\u00e9 p\u0159ede dnem, kdy d\u00edt\u011b dos\u00e1hne v\u011bku 2 let\u00a0<\/p>\n<\/li>\n<\/ul>\n<p lang=\"CS-CZ\" xml:lang=\"CS-CZ\">Pokud byste se o t\u00e9to novele cht\u011bli dozv\u011bd\u011bt v\u00edce, m\u00e1te mo\u017enost p\u0159ihl\u00e1sit na se na\u0161\u00ed\u00a0<strong><a href=\"https:\/\/www.akademiemezd.cz\/p\/jarni-e-konference-zvyhodneny-balicek-15-4-2024-16-4-2025\/\" target=\"_blank\" rel=\"noreferrer noopener\" data-cke-saved-href=\"https:\/\/www.akademiemezd.cz\/p\/jarni-e-konference-zvyhodneny-balicek-15-4-2024-16-4-2025\/\">Jarn\u00ed e-Konferenci.<\/a><\/strong>\u00a0Sou\u010d\u00e1st\u00ed programu bude p\u0159edn\u00e1\u0161ka\u00a0JUDr. Dominika Br\u016fhy\u00a0na toto t\u00e9ma.\u00a0<br \/><br \/>Podrobn\u00fd \u010dl\u00e1nek se v\u0161emi zm\u011bnami si m\u016f\u017eete p\u0159e\u010d\u00edst na na\u0161em blogu pod tla\u010d\u00edtkem n\u00ed\u017ee.\u00a0\ud83d\udc47<\/p>\n<p lang=\"CS-CZ\" style=\"text-align: center;\" xml:lang=\"CS-CZ\"><strong><a href=\"https:\/\/www.nuggetsw.cz\/flexinovela-zakoniku-prace-2025\/\">\u010c\u00cdST V\u00cdCE<\/a><\/strong><\/p>\n<hr \/>\n<h4><span style=\"color: #009cde;\"><strong>Jednotn\u00e9 m\u011bs\u00ed\u010dn\u00ed hl\u00e1\u0161en\u00ed zam\u011bstnavatel\u016f: Revoluce v administrativ\u011b?<\/strong><\/span><\/h4>\n<p lang=\"CS-CZ\" xml:lang=\"CS-CZ\">Jak jsme V\u00e1s ji\u017e informovali, <strong>nov\u00fd digitaliza\u010dn\u00ed projekt<\/strong> Jednotn\u00e9 m\u011bs\u00ed\u010dn\u00ed hl\u00e1\u0161en\u00ed zam\u011bstnavatel\u016f (<strong>JMHZ<\/strong>) p\u0159inese z\u00e1sadn\u00ed zm\u011bny v komunikaci mezi zam\u011bstnavateli a st\u00e1tem. M\u00edsto zas\u00edl\u00e1n\u00ed a\u017e <strong>25 r\u016fzn\u00fdch hl\u00e1\u0161en\u00ed na v\u00edce \u00fa\u0159ad\u016f budou firmy pod\u00e1vat jedno m\u011bs\u00ed\u010dn\u00ed hl\u00e1\u0161en\u00ed<\/strong> na \u010ceskou spr\u00e1vu soci\u00e1ln\u00edho zabezpe\u010den\u00ed (\u010cSSZ), kter\u00e1 n\u00e1sledn\u011b p\u0159ed\u00e1 pot\u0159ebn\u00e1 data dal\u0161\u00edm instituc\u00edm.\u00a0<\/p>\n<p lang=\"CS-CZ\" xml:lang=\"CS-CZ\">Legislativn\u00ed v\u00fdvoj pro V\u00e1s neust\u00e1le sledujeme a zajist\u00edme, abyste byli op\u011bt o krok nap\u0159ed. Vzhledem k tomu, \u017ee se JMHZ bude pod\u00e1vat povinn\u011b elektronicky, bude pot\u0159eba z\u00e1sadn\u00edch \u00faprav ve v\u0161ech mzdov\u00fdch syst\u00e9mech. V na\u0161em \u010dl\u00e1nku se do\u010dtete o v\u0161em, co byste o JMHZ m\u011bli v\u011bd\u011bt. \u00a0<br \/><br \/>Problematice JMHZ se budeme v\u011bnovat tak\u00e9 na na\u0161\u00ed\u00a0<strong><a href=\"https:\/\/www.akademiemezd.cz\/p\/jarni-e-konference-zvyhodneny-balicek-15-4-2024-16-4-2025\/\" target=\"_blank\" rel=\"noopener\" data-cke-saved-href=\"https:\/\/www.akademiemezd.cz\/p\/jarni-e-konference-zvyhodneny-balicek-15-4-2024-16-4-2025\/\">Jarn\u00ed e-Konferenci<\/a><\/strong>, kde ji vysv\u011btl\u00ed <strong>Ing. Hanu\u0161 Kytler<\/strong>, metodik dan\u011b ze z\u00e1visl\u00e9 \u010dinnosti z Gener\u00e1ln\u00edho finan\u010dn\u00edho \u0159editelstv\u00ed v Praze, kter\u00fd m\u00e1 informace p\u0159\u00edmo od zdroje.<\/p>\n<p lang=\"CS-CZ\" style=\"text-align: center;\" xml:lang=\"CS-CZ\"><strong><a href=\"https:\/\/www.nuggetsw.cz\/jednotne-mesicni-hlaseni-zamestnavatele\/\">V\u0160E O JMHZ<\/a><\/strong><\/p>\n<hr \/>\n<h4><span style=\"color: #009cde;\"><strong>Jarn\u00ed e-Konference<\/strong><\/span><\/h4>\n<p lang=\"CS-CZ\" xml:lang=\"CS-CZ\"><strong>4 \u0161pi\u010dkov\u00ed\u00a0lekto\u0159i pod jednou st\u0159echou jen u n\u00e1s!\u00a0<\/strong><br \/><br \/>Srde\u010dn\u011b V\u00e1s zveme na tradi\u010dn\u00ed\u00a0<strong>Jarn\u00ed e-Konferenci<\/strong>\u00a0zam\u011b\u0159enou na t\u00e9mata z oboru mzdov\u00e9ho \u00fa\u010detnictv\u00ed a personalistiky,\u00a0 kter\u00e1 se uskute\u010dn\u00ed 15.-16. dubna 2025 on-line.<br \/><br \/><strong>Cena Konference je 4 900 K\u010d bez DPH<\/strong>. Sou\u010d\u00e1st\u00ed ceny jsou \u010dty\u0159i p\u0159edn\u00e1\u0161ky od p\u0159edn\u00edch odborn\u00edk\u016f, mo\u017enost kl\u00e1st dotazy lektor\u016fm b\u011bhem \u017eiv\u00e9ho vys\u00edl\u00e1n\u00ed, ve\u0161ker\u00e9 materi\u00e1ly a prezentace k rozeb\u00edran\u00e9 problematice, a tak\u00e9 z\u00e1znam ze v\u0161ech p\u0159edn\u00e1\u0161ek k opakovan\u00e9mu shl\u00e9dnut\u00ed.\u00a0Objedn\u00e1vat m\u016f\u017eete bu\u010f jednotliv\u00e9 p\u0159edn\u00e1\u0161ky konference nebo<strong>\u00a0bal\u00ed\u010dek<\/strong>\u00a0v\u0161ech p\u0159edn\u00e1\u0161ek\u00a0<strong>za zv\u00fdhodn\u011bnou cenu.<\/strong><br \/><br \/><strong>T\u00e9mata:\u00a0<\/strong><\/p>\n<ul>\n<li>Flexibiln\u00ed novela z\u00e1kon\u00edku pr\u00e1ce a pracovn\u011bpr\u00e1vn\u00ed novinky v roce 2025<\/li>\n<li>Sr\u00e1\u017eky z mezd a dohod v roce 2025<\/li>\n<li>Zam\u011bstnaneck\u00e9 benefity<\/li>\n<li>Pracovn\u00ed doba a doba odpo\u010dinku\u00a0<\/li>\n<li>Jednotn\u00e9 m\u011bs\u00ed\u010dn\u00ed hl\u00e1\u0161en\u00ed zam\u011bstnavatele<\/li>\n<\/ul>\n<p lang=\"CS-CZ\" xml:lang=\"CS-CZ\"><strong>P\u0159edn\u00e1\u0161ej\u00edc\u00ed:\u00a0<\/strong><\/p>\n<ul>\n<li lang=\"CS-CZ\" xml:lang=\"CS-CZ\">JUDr. Dominik Br\u016fha, Ph.D.\u00a0<\/li>\n<li lang=\"CS-CZ\" xml:lang=\"CS-CZ\">Ing. Hanu\u0161 Kytler<\/li>\n<li lang=\"CS-CZ\" xml:lang=\"CS-CZ\">JUDr. Jan V\u00e1cha, Ph.D.<\/li>\n<li lang=\"CS-CZ\" xml:lang=\"CS-CZ\">Bc. Lucie Vondr\u00e1kov\u00e1, Dis.<\/li>\n<\/ul>\n<p lang=\"CS-CZ\" xml:lang=\"CS-CZ\">Konference bude <strong>prob\u00edhat on-line<\/strong>, m\u016f\u017eete ji tak sledovat z pohodl\u00ed sv\u00e9 kancel\u00e1\u0159e, nebo sv\u00e9ho domova.\u00a0<br \/><br \/>T\u011b\u0161\u00edme se na V\u00e1s!<\/p>\n<p lang=\"CS-CZ\" style=\"text-align: center;\" xml:lang=\"CS-CZ\"><strong><a href=\"https:\/\/www.akademiemezd.cz\/p\/jarni-e-konference-zvyhodneny-balicek-15-4-2024-16-4-2025\/\">P\u0158IHL\u00c1SIT SE NA JARN\u00cd E-KONFERENCE<\/a><\/strong><\/p>\n<p lang=\"CS-CZ\" xml:lang=\"CS-CZ\">\u00a0<\/p>\n<hr \/>\n<h4><span style=\"color: #009cde;\"><strong>HR Port\u00e1l &#8211; nov\u00e1 funkce\u00a0<\/strong><\/span><\/h4>\n<p>Jak ji\u017e mnoz\u00ed v\u00edte,\u00a0<strong>1. ledna<\/strong> byla\u00a0\u010ceskou spr\u00e1vou soci\u00e1ln\u00edho zabezpe\u010den\u00ed (\u010cSSZ)\u00a0<strong>spu\u0161t\u011bna<\/strong>\u00a0do ostr\u00e9ho provozu\u00a0<strong>elektronizace dal\u0161\u00edch d\u00e1vek nemocensk\u00e9ho poji\u0161t\u011bn\u00ed<\/strong>, kter\u00e1 navazuje na eNeschopenku, je\u017e byla spu\u0161t\u011bna p\u0159ed n\u011bkolika lety. Tato elektronizace se t\u00fdk\u00e1 o\u0161et\u0159ovn\u00e9ho, dlouhodob\u00e9ho o\u0161et\u0159ovn\u00e9ho, pen\u011b\u017eit\u00e9 pomoci v mate\u0159stv\u00ed, otcovsk\u00e9 a vyrovn\u00e1vac\u00edho p\u0159\u00edsp\u011bvku v t\u011bhotenstv\u00ed a mate\u0159stv\u00ed.\u00a0\u00a0<\/p>\n<p><strong>Nyn\u00ed Nugget p\u0159in\u00e1\u0161\u00ed novou funkci usnad\u0148uj\u00edc\u00ed digitalizaci pod\u00e1n\u00ed \u017e\u00e1dost\u00ed o tyto d\u00e1vky skrze HR Port\u00e1l.<\/strong><br \/>Tato nov\u00e1 funkcionalita umo\u017e\u0148uje zam\u011bstnanci podat \u017e\u00e1dost o d\u00e1vku p\u0159\u00edmo v HR Port\u00e1lu a to rychle a bez jak\u00e9hokoliv pap\u00edrov\u00e1n\u00ed!<br \/><br \/><strong>Mzdov\u00e9 \u00fa\u010detn\u00ed p\u0159ijde<\/strong> vypln\u011bn\u00fd, \u010diteln\u00fd formul\u00e1\u0159 p\u0159\u00edmo <strong>do programu Nugget SW<\/strong>. Nav\u00edc obdr\u017e\u00ed tak\u00e9 upozorn\u011bn\u00ed, \u017ee p\u0159i\u0161la nov\u00e1 \u017e\u00e1dost.\u00a0<br \/>Proces je pln\u011b automatizovan\u00fd, eliminuje zbyte\u010dn\u00e9 administrativn\u00ed kroky a \u0161et\u0159\u00ed \u010das jak zam\u011bstnanc\u016fm, tak mzdov\u00fdm \u00fa\u010detn\u00edm.<br \/><br \/>Pokud m\u00e1te o tuto novou funkci z\u00e1jem, napi\u0161te\u00a0n\u00e1m na: <strong>jiri.sramek@rsm.cz<\/strong><br \/><br \/><strong>A pokud HR Port\u00e1l je\u0161t\u011b nem\u00e1te<\/strong>, nyn\u00ed je nejvy\u0161\u0161\u00ed \u010das si ho po\u0159\u00eddit! Proto\u017ee, kdo by necht\u011bl\u00a0u\u0161et\u0159it \u010das, zdroje a s\u00a0t\u00edm je\u0161t\u011b eliminovat chyby?<\/p>\n<p style=\"text-align: center;\"><strong><a href=\"https:\/\/www.nuggetsw.cz\/zadost-o-davku-pres-portal\/\">JAK TO FUNGUJE?<\/a><\/strong><\/p>\n<hr \/>\n<h4><span style=\"color: #009cde;\"><strong>Minim\u00e1ln\u00ed vym\u011b\u0159ovac\u00ed z\u00e1klad na zdravotn\u00ed poji\u0161t\u011bn\u00ed: Na co si d\u00e1t pozor?<\/strong><\/span><\/h4>\n<p lang=\"CS-CZ\" xml:lang=\"CS-CZ\">Jak spr\u00e1vn\u011b <strong>dopo\u010d\u00edtat zdravotn\u00ed poji\u0161t\u011bn\u00ed,<\/strong> pokud zam\u011bstnanec nedos\u00e1hne minim\u00e1ln\u00edho vym\u011b\u0159ovac\u00edho z\u00e1kladu? Kdo je povinen odv\u00e1d\u011bt pojistn\u00e9 a kdo m\u00e1 v\u00fdjimku? A <strong>jak\u00e1 \u010d\u00e1stka plat\u00ed pro rok 2025<\/strong>?\u00a0<\/p>\n<p lang=\"CS-CZ\" xml:lang=\"CS-CZ\">V na\u0161em <strong>\u010dl\u00e1nku najdete p\u0159ehledn\u00e9 informace<\/strong> a praktick\u00e9 p\u0159\u00edklady, kter\u00e9 V\u00e1m pomohou spr\u00e1vn\u011b nastavit v\u00fdpo\u010dty ve mzdov\u00e9 agend\u011b. \u00a0<\/p>\n<p lang=\"CS-CZ\" style=\"text-align: center;\" xml:lang=\"CS-CZ\"><strong><a href=\"https:\/\/www.akademiemezd.cz\/publikace\/co-je-minimalni-vymerovaci-zaklad-na-zdravotni-pojisteni\/\">CHCI V\u011aD\u011aT V\u00cdCE<\/a><\/strong><\/p>\n<hr \/>\n<h4><span style=\"color: #009cde;\"><strong>Rozpad n\u00e1klad\u016f na dovolenou u zam\u011bstnanc\u016f v pracovn\u00edm pom\u011bru a u dohod\u00e1\u0159\u016f\u00a0 <\/strong><\/span><\/h4>\n<p lang=\"CS-CZ\" xml:lang=\"CS-CZ\">Pokud pot\u0159ebujete <strong>evidovat n\u00e1klady spojen\u00e9 s\u00a0n\u00e1hradami za dovolenou odd\u011blen\u011b pro pracovn\u00ed pom\u011bry a dohody<\/strong>, \u010dt\u011bte d\u00e1le! \u00a0<\/p>\n<p lang=\"CS-CZ\" xml:lang=\"CS-CZ\"><strong>Do \u010dasov\u00e9ho fondu zad\u00e1te u dohod i u pracovn\u00edch pom\u011br\u016f mzdovou slo\u017eku 511<\/strong>. V\u00a0simulaci v\u00fdpo\u010dtu se u dohod\u00e1\u0159\u016f zobraz\u00ed korunov\u00e9 mzdov\u00e9 slo\u017eky:\u00a0<\/p>\n<ul>\n<li lang=\"CS-CZ\" xml:lang=\"CS-CZ\">6519 \u2013 n\u00e1hrada mzdy za dovolenou \u2013 dohody, \u00a0<\/li>\n<li lang=\"CS-CZ\" xml:lang=\"CS-CZ\">6520 \u2013 proplacen\u00e1 dovolen\u00e1 \u2013 dohody (v p\u0159\u00edpad\u011b ukon\u010den\u00ed dohody)\u00a0<\/li>\n<\/ul>\n<p lang=\"CS-CZ\" xml:lang=\"CS-CZ\"><strong>Doporu\u010dujeme kontrolu<\/strong> nastaven\u00ed kontac\u00ed pro p\u0159evod do \u00fa\u010detnictv\u00ed u t\u011bchto mzdov\u00fdch slo\u017eek, zapojen\u00ed do mzdov\u00fdch statistik, p\u0159\u00edpadn\u011b napojen\u00ed do u\u017eivatelsk\u00fdch sestav Query. \u00a0<\/p>\n<ul>\n<li lang=\"CS-CZ\" xml:lang=\"CS-CZ\">Kontace \u00fa\u010dt\u016f nastav\u00edte ve funkci M-2-4-2.\u00a0<\/li>\n<\/ul>\n<p lang=\"CS-CZ\" xml:lang=\"CS-CZ\"><strong>P\u0159ipom\u00edn\u00e1me<\/strong>, pokud m\u00e1te napojen\u00e9 mzdov\u00e9 statistiky na Query, je pot\u0159eba mzdovou statistiku od Query odpojit a n\u00e1sledn\u011b znovu do Query napojit.\u00a0<\/p>\n<p lang=\"CS-CZ\" xml:lang=\"CS-CZ\">\u00a0<\/p>\n<hr \/>\n<h4><span style=\"color: #009cde;\"><strong>Datum vzniku n\u00e1roku na starobn\u00ed d\u016fchod a evidence v\u00a0programu Nugget SW <\/strong><\/span><\/h4>\n<p lang=\"CS-CZ\" xml:lang=\"CS-CZ\">N\u00e1rok na z\u00edsk\u00e1n\u00ed starobn\u00edho d\u016fchodu je podm\u00edn\u011bn spln\u011bn\u00edm hlavn\u00edmi <strong>dv\u011bma podm\u00ednkami<\/strong>: \u00a0<\/p>\n<ol>\n<li lang=\"CS-CZ\" xml:lang=\"CS-CZ\">Doba poji\u0161t\u011bn\u00ed\u00a0<\/li>\n<li lang=\"CS-CZ\" xml:lang=\"CS-CZ\">D\u016fchodov\u00fd v\u011bk\u00a0<\/li>\n<\/ol>\n<ul>\n<li lang=\"CS-CZ\" xml:lang=\"CS-CZ\">P\u0159\u00edpadn\u011b dal\u0161\u00edmi podm\u00ednkami stanoven\u00fdmi v\u00a0z\u00e1kon\u011b \u010d. 55\/1995 Sb. Z\u00e1kon o d\u016fchodov\u00e9m poji\u0161t\u011bn\u00ed\u00a0<\/li>\n<\/ul>\n<p lang=\"CS-CZ\" xml:lang=\"CS-CZ\">U vybran\u00fdch profes\u00ed, kter\u00e9 pracuj\u00ed ve zvl\u00e1\u0161\u0165 <strong>n\u00e1ro\u010dn\u00fdch \u010di rizikov\u00fdch provozech, se d\u016fchodov\u00fd v\u011bk sni\u017euje<\/strong>. Po\u010det m\u011bs\u00edc\u016f \u010di let, kter\u00e9 se od standardn\u00edho d\u016fchodov\u00e9ho v\u011bku ode\u010d\u00edtaj\u00ed, z\u00e1vis\u00ed na tom, do kter\u00e9 <strong>kategorie zam\u011bstnanec spad\u00e1<\/strong>. \u00a0<\/p>\n<p lang=\"CS-CZ\" xml:lang=\"CS-CZ\"><strong>1. Zam\u011bstn\u00e1n\u00ed v\u00a0hlubinn\u00e9m hornictv\u00ed<\/strong> \u00a0<\/p>\n<ul>\n<li lang=\"CS-CZ\" xml:lang=\"CS-CZ\">P\u0159i odpracov\u00e1n\u00ed alespo\u0148 3300 sm\u011bn v\u00a0hlubinn\u00e9m hornictv\u00ed nebo alespo\u0148 2200 sm\u011bn v\u00a0hlubinn\u00e9m hornictv\u00ed v\u00a0uranov\u00fdch dolech.\u00a0<\/li>\n<li lang=\"CS-CZ\" xml:lang=\"CS-CZ\">P\u0159i odpracov\u00e1n\u00ed 3081 sm\u011bn, pokud zam\u011bstn\u00e1n\u00ed v\u00a0hlubinn\u00e9m hornictv\u00ed skon\u010dilo z\u00a0d\u016fvodu dosa\u017een\u00ed nejvy\u0161\u0161\u00ed p\u0159\u00edpustn\u00e9 expozice nebo 1981 sm\u011bn, pokud zam\u011bstn\u00e1n\u00ed v\u00a0hlubinn\u00e9m hornictv\u00ed skon\u010dilo dosa\u017een\u00edm nejvy\u0161\u0161\u00ed p\u0159\u00edpustn\u00e9 expozice v\u00a0uranov\u00fdch dolech. \u00a0<\/li>\n<\/ul>\n<p lang=\"CS-CZ\" xml:lang=\"CS-CZ\">\u00a0 \u00a0 \u00a0 \u00a0 \u00a0Poji\u0161t\u011bnec v\u00a0hlubinn\u00e9m hornictv\u00ed p\u016fjde do d\u016fchodu <strong>o 7 let d\u0159\u00edve<\/strong>. \u00a0<\/p>\n<p lang=\"CS-CZ\" xml:lang=\"CS-CZ\"><strong>2. Pr\u00e1ce v\u00a0rizikov\u00fdch zam\u011bstn\u00e1n\u00edch<\/strong> (v kategorii \u010d. 4) nebo v\u00a0zam\u011bstn\u00e1n\u00ed zdravotnick\u00e9ho z\u00e1chran\u00e1\u0159e nebo \u010dlena jednotky hasi\u010dsk\u00e9ho z\u00e1chrann\u00e9ho sboru podniku. \u00a0<\/p>\n<ul>\n<li lang=\"CS-CZ\" xml:lang=\"CS-CZ\">P\u0159i odpracov\u00e1n\u00ed 2200 \u2013 4399 sm\u011bn se od d\u016fchodov\u00e9ho v\u011bku ode\u010dte 15 kalend\u00e1\u0159n\u00edch m\u011bs\u00edc\u016f.\u00a0<\/li>\n<li lang=\"CS-CZ\" xml:lang=\"CS-CZ\">P\u0159i odpracov\u00e1n\u00ed alespo\u0148 4400 sm\u011bn se od d\u016fchodov\u00e9ho v\u011bku ode\u010dte 30 kalend\u00e1\u0159n\u00edch m\u011bs\u00edc\u016f. \u00a0<\/li>\n<li lang=\"CS-CZ\" xml:lang=\"CS-CZ\">V\u00a0p\u0159\u00edpad\u011b odpracov\u00e1n\u00ed v\u00edce ne\u017e 4400 sm\u011bn se za ka\u017ed\u00fd dal\u0161\u00edch odpracovan\u00fdch 74 sm\u011bn p\u0159i\u010dte dal\u0161\u00ed 1 kalend\u00e1\u0159n\u00ed m\u011bs\u00edc.\u00a0<\/li>\n<\/ul>\n<p lang=\"CS-CZ\" xml:lang=\"CS-CZ\">Ode\u010d\u00edst lze maxim\u00e1ln\u011b <strong>60 kalend\u00e1\u0159n\u00edch m\u011bs\u00edc\u016f.<\/strong> \u00a0<\/p>\n<p lang=\"CS-CZ\" xml:lang=\"CS-CZ\">Zam\u011bstnavatel\u00e9 jsou <strong>povinni pod\u00e1vat m\u011bs\u00ed\u010dn\u00ed hl\u00e1\u0161en\u00ed o po\u010dtu odpracovan\u00fdch sm\u011bn zam\u011bstnanc\u016f v\u00a0hornictv\u00ed, zam\u011bstnanc\u016f z\u00e1chran\u00e1\u0159\u016f a hasi\u010d\u016f a zam\u011bstnanc\u016f v\u00a0rizikov\u00e9m zam\u011bstn\u00e1n\u00ed<\/strong>. \u010cesk\u00e1 spr\u00e1va soci\u00e1ln\u00edho poji\u0161t\u011bn\u00ed tato data uchov\u00e1v\u00e1 a d\u00edky tomu spr\u00e1vn\u011b vypo\u010dte p\u0159esn\u00fd den dosa\u017een\u00ed d\u016fchodov\u00e9ho v\u011bku. \u00a0<\/p>\n<p lang=\"CS-CZ\" xml:lang=\"CS-CZ\"><strong>V syst\u00e9mu\u00a0Nugget SW\u00a0<\/strong><em>v\u00a0\u00fadaji L4808 Datum vzniku n\u00e1roku na starobn\u00ed d\u016fchod<\/em> uv\u00e1d\u00edme datum vzniku n\u00e1roku na starobn\u00ed d\u016fchod, kter\u00fd je vypo\u010dten\u00fd podle data narozen\u00ed a u \u017een narozen\u00fdch do konce roku 1973 s\u00a0ohledem na po\u010det vychovan\u00fdch d\u011bt\u00ed, kter\u00fd je uveden\u00fd <em>v\u00a0\u00fadaji L7201 Po\u010det d\u011bt\u00ed pro d\u016fchod<\/em>. \u00a0<\/p>\n<p lang=\"CS-CZ\" xml:lang=\"CS-CZ\">S\u00a0ohledem na\u00a0to, \u017ee zam\u011bstnavatel nem\u00e1 \u017e\u00e1dnou mo\u017enost z\u00edskat informace o odpracovan\u00fdch sm\u011bn\u00e1ch, kter\u00e9 ovliv\u0148uj\u00ed d\u0159\u00edv\u011bj\u0161\u00ed odchod do d\u016fchodu od p\u0159edchoz\u00edch zam\u011bstnavatel\u016f,\u00a0je datum vzniku n\u00e1roku na starobn\u00ed d\u016fchod uveden\u00e9\u00a0<strong>v\u00a0\u00fadaji L4808<\/strong> pro zam\u011bstnance pracuj\u00edc\u00ed v\u00a0hlubinn\u00e9m hornictv\u00ed, z\u00e1chran\u00e1\u0159\u016f a podnikov\u00fdch hasi\u010d\u016f a zam\u011bstnanc\u016f pracuj\u00edc\u00edch v\u00a0rizikov\u00fdch pracovi\u0161t\u00edm s\u00a0kategori\u00ed \u010d. 4 <strong>jen informativn\u00ed<\/strong>. \u00a0<\/p>\n<p lang=\"CS-CZ\" xml:lang=\"CS-CZ\"><strong>Mzdov\u00e1 \u00fa\u010detn\u00ed m\u016f\u017ee datum ru\u010dn\u011b editovat<\/strong>, nicm\u00e9n\u011b je nutn\u00e9 p\u0159ipomenout, \u017ee ru\u010dn\u00ed editace \u00fadaje zabr\u00e1n\u00ed automatick\u00e9mu p\u0159epo\u010dtu.\u00a0<\/p>\n<p lang=\"CS-CZ\" xml:lang=\"CS-CZ\">Program Nugget SW nezohled\u0148uje zadan\u00e9 sm\u011bny, kter\u00e9 by mohly m\u00edt vliv na v\u00fdpo\u010det sn\u00ed\u017een\u00e9ho d\u016fchodov\u00e9ho v\u011bku.\u00a0<\/p>\n<p lang=\"CS-CZ\" xml:lang=\"CS-CZ\">\u00a0<\/p>\n<hr \/>\n\n\n<h4 class=\"has-text-color wp-block-heading\" style=\"color:#009cde\">Jedno jedin\u00e9 osobn\u00ed \u010d\u00edslo pro zam\u011bstnance s\u00a0v\u00edce pracovn\u00edmi pom\u011bry<\/h4>\n\n\n\n<p>St\u00e1le se setk\u00e1v\u00e1me s\u00a0p\u0159\u00edpady, kdy mzdov\u00e1 \u00fa\u010detn\u00ed eviduje pracovn\u011bpr\u00e1vn\u00ed vztahy jednoho zam\u011bstnance,\u00a0s\u00a0v\u00edce osobn\u00edmi \u010d\u00edsly. Jedn\u00e1 se nap\u0159\u00edklad o situace, kdy zam\u011bstnanec pracuje v\u00a0pracovn\u00edm pom\u011bru a sou\u010dasn\u011b vykon\u00e1v\u00e1 \u010dinnosti na z\u00e1klad\u011b dohody konan\u00e9 mimo pracovn\u00ed pom\u011br.\u00a0<\/p>\n\n\n\n<p><strong>Jeden zam\u011bstnanec = jedno osobn\u00ed \u010d\u00edslo.&nbsp;<\/strong><\/p>\n\n\n\n<p>Jedin\u00e9 osobn\u00ed \u010d\u00edslo je nezbytn\u00e9 pro v\u0161echny p\u0159\u00edpady, kde je t\u0159eba v\u0161echny pracovn\u011bpr\u00e1vn\u00ed vztahy zam\u011bstnance posuzovat spole\u010dn\u011b. Neexistuje jin\u00fd spojovac\u00ed prvek, ne\u017e je osobn\u00ed \u010d\u00edslo.&nbsp;<br><br>Nejz\u00e1sadn\u011bj\u0161\u00edm p\u0159\u00edpadem je <strong>stanoven\u00ed z\u00e1kladu dan\u011b z&nbsp;p\u0159\u00edjm\u016f a v\u00fdpo\u010det z\u00e1loh na da\u0148<\/strong>, jeho\u017e z\u00e1kladem je \u00fahrn p\u0159\u00edjm\u016f ze z\u00e1visl\u00e9 \u010dinnosti z\u00fa\u010dtovan\u00fdch nebo vyplacen\u00fdch poplatn\u00edkovi za kalend\u00e1\u0159n\u00ed m\u011bs\u00edc.<\/p>\n\n\n\n<p>Podep\u00ed\u0161e-li zam\u011bstnanec prohl\u00e1\u0161en\u00ed poplatn\u00edka u sv\u00e9ho zam\u011bstnavatele, prohl\u00e1\u0161en\u00ed se vztahuje na v\u0161echny p\u0159\u00edjmy z\u00fa\u010dtovan\u00e9 u dan\u00e9ho pl\u00e1tce dan\u011b, tj. u zam\u011bstnavatele. \u00a0<\/p>\n\n\n\n<hr class=\"wp-block-separator has-text-color has-background has-black-background-color has-black-color is-style-wide\"\/>\n\n\n\n<h4 class=\"has-text-color wp-block-heading\" style=\"color:#009cde\"><strong>Vliv nemoci zam\u011bstnance na v\u00fdpo\u010det a odvod zdravotn\u00edho poji\u0161t\u011bn\u00ed<\/strong><\/h4>\n\n\n\n<p><strong>Dopo\u010det zdravotn\u00edho poji\u0161t\u011bn\u00ed v praxi<\/strong><\/p>\n\n\n\n<p>V \u010dl\u00e1nku se pod\u00edv\u00e1me na situace, kdy je nutn\u00e9 prov\u00e9st dopo\u010det zdravotn\u00edho poji\u0161t\u011bn\u00ed p\u0159i do\u010dasn\u00e9 pracovn\u00ed neschopnosti zam\u011bstnance. Vysv\u011btl\u00edme, jak se dopo\u010det po\u010d\u00edt\u00e1 v z\u00e1vislosti na d\u00e9lce nemoci a odpracovan\u00fdch dnech, a uk\u00e1\u017eeme konkr\u00e9tn\u00ed v\u00fdpo\u010dty dle aktu\u00e1ln\u00ed legislativy. Dozv\u00edte se tak\u00e9, kdy minim\u00e1ln\u00ed vym\u011b\u0159ovac\u00ed z\u00e1klad neplat\u00ed a kdo hrad\u00ed p\u0159\u00edpadn\u00fd doplatek.<\/p>\n\n\n\n<p class=\"has-text-align-center\">\u00a0<strong><a href=\"https:\/\/www.nuggetsw.cz\/nemoc-a-vypocet-v-nugget-sw\/\">JAK VYPO\u010c\u00cdTAT V NUGGET SW<\/a><\/strong><\/p>\n\n\n\n<p><\/p>\n\n\n\n<hr class=\"wp-block-separator is-style-default\"\/>\n\n\n\n<p><\/p>\n","protected":false},"excerpt":{"rendered":"<p>V\u00e1\u0161 obl\u00edben\u00fd newsletter ze sv\u011bta mzdov\u00e9ho \u00fa\u010detnictv\u00ed je tady! <\/p>\n<p>Flexinovela z\u00e1kon\u00edku pr\u00e1ce, Jednotn\u00e9 m\u011bs\u00ed\u010dn\u00ed hl\u00e1\u0161en\u00ed zam\u011bstnavatel\u016f a dal\u0161\u00ed! Jste p\u0159ipraveni na v\u0161echny zm\u011bny? <\/p>\n<p>I kdyby ne, tak V\u00e1m kryjeme z\u00e1da &#8211; na\u0161e Jarn\u00ed e-Konference se bude konat 15.-16.4. 2025!<\/p>\n<p>P\u0159ejeme p\u0159\u00edjemn\u00e9 \u010dten\u00ed!<\/p>\n","protected":false},"author":8,"featured_media":0,"comment_status":"closed","ping_status":"closed","sticky":false,"template":"","format":"standard","meta":{"footnotes":""},"categories":[443],"tags":[],"class_list":["post-9355","post","type-post","status-publish","format-standard","hentry","category-nuggetoviny"],"_links":{"self":[{"href":"https:\/\/podpora.nuggetsw.cz\/index.php\/wp-json\/wp\/v2\/posts\/9355","targetHints":{"allow":["GET"]}}],"collection":[{"href":"https:\/\/podpora.nuggetsw.cz\/index.php\/wp-json\/wp\/v2\/posts"}],"about":[{"href":"https:\/\/podpora.nuggetsw.cz\/index.php\/wp-json\/wp\/v2\/types\/post"}],"author":[{"embeddable":true,"href":"https:\/\/podpora.nuggetsw.cz\/index.php\/wp-json\/wp\/v2\/users\/8"}],"replies":[{"embeddable":true,"href":"https:\/\/podpora.nuggetsw.cz\/index.php\/wp-json\/wp\/v2\/comments?post=9355"}],"version-history":[{"count":1,"href":"https:\/\/podpora.nuggetsw.cz\/index.php\/wp-json\/wp\/v2\/posts\/9355\/revisions"}],"predecessor-version":[{"id":9356,"href":"https:\/\/podpora.nuggetsw.cz\/index.php\/wp-json\/wp\/v2\/posts\/9355\/revisions\/9356"}],"wp:attachment":[{"href":"https:\/\/podpora.nuggetsw.cz\/index.php\/wp-json\/wp\/v2\/media?parent=9355"}],"wp:term":[{"taxonomy":"category","embeddable":true,"href":"https:\/\/podpora.nuggetsw.cz\/index.php\/wp-json\/wp\/v2\/categories?post=9355"},{"taxonomy":"post_tag","embeddable":true,"href":"https:\/\/podpora.nuggetsw.cz\/index.php\/wp-json\/wp\/v2\/tags?post=9355"}],"curies":[{"name":"wp","href":"https:\/\/api.w.org\/{rel}","templated":true}]}}