
{"id":8372,"date":"2024-05-30T07:39:03","date_gmt":"2024-05-30T07:39:03","guid":{"rendered":"https:\/\/podpora.nuggetsw.cz\/?p=8372"},"modified":"2024-05-30T07:39:03","modified_gmt":"2024-05-30T07:39:03","slug":"kvetnove-nuggetoviny-2024","status":"publish","type":"post","link":"https:\/\/podpora.nuggetsw.cz\/index.php\/2024\/05\/30\/kvetnove-nuggetoviny-2024\/","title":{"rendered":"Kv\u011btnov\u00e9 Nuggetoviny 2024"},"content":{"rendered":"<p lang=\"CS-CZ\" xml:lang=\"CS-CZ\">V\u00e1\u017een\u00ed obchodn\u00ed p\u0159\u00e1tel\u00e9, mil\u00ed klienti,\u00a0\u00a0\u00a0\u00a0\u00a0<\/p>\n<p lang=\"CS-CZ\" xml:lang=\"CS-CZ\">v\u00edt\u00e1me V\u00e1s u dal\u0161\u00edho vyd\u00e1n\u00ed Va\u0161ich obl\u00edben\u00fdch Nuggetovin. I tentokr\u00e1t jsme pro V\u00e1s p\u0159ipravili shrnut\u00ed novinek a zaj\u00edmavost\u00ed t\u00fdkaj\u00edc\u00edch se (nejen) na\u0161eho mzdov\u00e9ho a person\u00e1ln\u00edho programu Nugget SW.\u00a0\u00a0\u00a0\u00a0<\/p>\n<p lang=\"CS-CZ\" xml:lang=\"CS-CZ\">Prvn\u00edm a nejv\u00edce diskutovan\u00fdm t\u00e9matem posledn\u00edch dn\u00ed i na\u0161ich Nuggetovin je d\u016fchodov\u00e1 reforma, kter\u00e1 m\u00e1 zajistit solidn\u00ed d\u016fchody sou\u010dasn\u00fdm i p\u0159\u00ed\u0161t\u00edm generac\u00edm. P\u0159e\u010dtete si \u010dl\u00e1nek o nejnov\u011bj\u0161\u00edch aktualit\u00e1ch.\u00a0<\/p>\n<p lang=\"CS-CZ\" xml:lang=\"CS-CZ\">D\u00e1le p\u0159ipom\u00edn\u00e1me, \u017ee zm\u011bny v penzijn\u00edm poji\u0161t\u011bn\u00ed pro V\u00e1s neust\u00e1le sledujeme a nov\u00e1 verze v\u017edy obsahuje ty nejaktu\u00e1ln\u011bj\u0161\u00ed informace. \u00a0<\/p>\n<p lang=\"CS-CZ\" xml:lang=\"CS-CZ\">Chystan\u00e1 novela z\u00e1kon\u00edku pr\u00e1ce bude obsahovat n\u011bkolik kl\u00ed\u010dov\u00fdch zm\u011bn. V n\u00e1vrhu je mimo jin\u00e9 mo\u017enost zkr\u00e1cen\u00ed v\u00fdpov\u011bdn\u00ed lh\u016fty \u010di prodlou\u017een\u00ed zku\u0161ebn\u00ed doby.\u00a0 Ve \u010dl\u00e1nku n\u00ed\u017ee V\u00e1s sezn\u00e1m\u00edme se v\u0161emi n\u00e1vrhy.\u00a0<\/p>\n<p lang=\"CS-CZ\" xml:lang=\"CS-CZ\">Pokud jste nestihli na\u0161\u00ed jarn\u00ed e-Konferenci, nemus\u00edte zoufat. Nab\u00edz\u00edme z\u00e1znamy p\u0159edn\u00e1\u0161ek obou dn\u016f, nabit\u00e9 d\u016fle\u017eit\u00fdmi legislativn\u00edmi novinkami z oboru mzdov\u00e9ho \u00fa\u010detnictv\u00ed a personalistiky! \u00a0<\/p>\n<p lang=\"CS-CZ\" xml:lang=\"CS-CZ\">Kv\u011bten byl ve znamen\u00ed sv\u00e1tk\u016f, a tak pro V\u00e1s chyst\u00e1me speci\u00e1ln\u00ed webin\u00e1\u0159 na t\u00e9ma pr\u00e1ce ve sv\u00e1tek a p\u0159\u00edplatky. N\u00ed\u017ee se do\u010dtete, co z toho vypl\u00fdv\u00e1 pro mzdovou \u00fa\u010detn\u00ed.<\/p>\n<p lang=\"CS-CZ\" xml:lang=\"CS-CZ\">Dohody o proveden\u00ed pr\u00e1ce pro\u0161ly op\u011bt zm\u011bnami, p\u0159e\u010dt\u011bte si, co se zm\u011bnilo a co se chyst\u00e1. Nap\u0159\u00edklad p\u0159\u00edjmy z DPP u v\u00edce zam\u011bstnavatel\u016f se ji\u017e nebudou s\u010d\u00edtat. D\u00e1le bude od nov\u00e9ho roku mo\u017en\u00e9 vstoupit do re\u017eimu tzv. \u201cozn\u00e1men\u00e9 dohody\u201d.\u00a0\u00a0<\/p>\n<p lang=\"CS-CZ\" xml:lang=\"CS-CZ\">Na z\u00e1v\u011br V\u00e1m p\u0159edstav\u00edme n\u00e1\u0161 \u0161ikovn\u00fd modul napojen\u00ed na insolven\u010dn\u00ed rejst\u0159\u00edk, d\u00edky kter\u00e9mu budete neust\u00e1le v\u011bd\u011bt o p\u0159\u00edpadn\u00fdch insolvenc\u00edch Va\u0161ich zam\u011bstnanc\u016f. \u00a0<br \/><br \/>Jako v\u017edy uv\u00edt\u00e1me dopl\u0148uj\u00edc\u00ed dotazy k jednotliv\u00fdm t\u00e9mat\u016fm a samoz\u0159ejm\u011b i p\u0159\u00edpadn\u00e9 n\u00e1pady a podn\u011bty pro dal\u0161\u00ed vyd\u00e1n\u00ed na\u0161eho newsletteru.\u00a0\u00a0\u00a0\u00a0<br \/>\u00a0\u00a0\u00a0\u00a0\u00a0<br \/>Se srde\u010dn\u00fdm pozdravem,\u00a0\u00a0\u00a0\u00a0\u00a0\u00a0<br \/>T\u00fdm Nugget SW\u00a0<\/p>\n<hr \/>\n<h4><span style=\"color: #009cde;\"><strong>Vl\u00e1da schv\u00e1lila d\u016fchodovou reformu<\/strong><\/span><\/h4>\n<p lang=\"CS-CZ\" xml:lang=\"CS-CZ\">Dne 30. dubna 2024 vl\u00e1da schv\u00e1lila n\u00e1vrh d\u016fchodov\u00e9 reformy, p\u0159edlo\u017een\u00fd ministrem pr\u00e1ce a soci\u00e1ln\u00edch v\u011bc\u00ed Marianem Jure\u010dkou. Jej\u00edm hlavn\u00edm c\u00edlem je\u00a0zajistit solidn\u00ed d\u016fchody vypl\u00e1cen\u00e9 z pr\u016fb\u011b\u017en\u00e9ho syst\u00e9mu nejen sou\u010dasn\u00fdm penzist\u016fm, ale i budouc\u00edm generac\u00edm. Sou\u010d\u00e1st\u00ed reformy je\u00a0cel\u00e1 \u0159ada\u00a0zm\u011bn, kter\u00e9 podpo\u0159\u00ed p\u0159edev\u0161\u00edm rodiny:\u00a0<\/p>\n<ul role=\"list\">\n<li role=\"listitem\" aria-setsize=\"-1\" data-aria-level=\"1\" data-aria-posinset=\"1\" data-font=\"&quot;Fira Sans&quot;,sans-serif\" data-leveltext=\"-\" data-list-defn-props=\"{&quot;335552541&quot;:1,&quot;335559683&quot;:0,&quot;335559684&quot;:-2,&quot;335559685&quot;:720,&quot;335559991&quot;:360,&quot;469769226&quot;:&quot;\\&quot;Fira Sans\\&quot;,sans-serif&quot;,&quot;469769242&quot;:[8226],&quot;469777803&quot;:&quot;left&quot;,&quot;469777804&quot;:&quot;-&quot;,&quot;469777815&quot;:&quot;hybridMultilevel&quot;}\" data-listid=\"4\">\n<p lang=\"CS-CZ\" xml:lang=\"CS-CZ\">nav\u00e1z\u00e1n\u00ed hranice odchodu do d\u016fchodu na v\u011bk do\u017eit\u00ed (informace o d\u016fchodov\u00e9m v\u011bku budou ka\u017ed\u00e9mu zn\u00e1my p\u0159i dosa\u017een\u00ed 50 let), \u00a0<\/p>\n<\/li>\n<li role=\"listitem\" aria-setsize=\"-1\" data-aria-level=\"1\" data-aria-posinset=\"2\" data-font=\"&quot;Fira Sans&quot;,sans-serif\" data-leveltext=\"-\" data-list-defn-props=\"{&quot;335552541&quot;:1,&quot;335559683&quot;:0,&quot;335559684&quot;:-2,&quot;335559685&quot;:720,&quot;335559991&quot;:360,&quot;469769226&quot;:&quot;\\&quot;Fira Sans\\&quot;,sans-serif&quot;,&quot;469769242&quot;:[8226],&quot;469777803&quot;:&quot;left&quot;,&quot;469777804&quot;:&quot;-&quot;,&quot;469777815&quot;:&quot;hybridMultilevel&quot;}\" data-listid=\"4\">\n<p lang=\"CS-CZ\" xml:lang=\"CS-CZ\">rodinn\u00fd vym\u011b\u0159ovac\u00ed z\u00e1klad zohledn\u00ed v\u00fdchovu d\u011bt\u00ed a p\u00e9\u010di o z\u00e1visl\u00e9 osoby (na pe\u010duj\u00edc\u00ed osobu se pro pot\u0159eby v\u00fdpo\u010dtu d\u016fchodu bude po dobu p\u00e9\u010de pohl\u00ed\u017eet tak, jako by pob\u00edrala pr\u016fm\u011brnou mzdu), \u00a0<\/p>\n<\/li>\n<li role=\"listitem\" aria-setsize=\"-1\" data-aria-level=\"1\" data-aria-posinset=\"3\" data-font=\"&quot;Fira Sans&quot;,sans-serif\" data-leveltext=\"-\" data-list-defn-props=\"{&quot;335552541&quot;:1,&quot;335559683&quot;:0,&quot;335559684&quot;:-2,&quot;335559685&quot;:720,&quot;335559991&quot;:360,&quot;469769226&quot;:&quot;\\&quot;Fira Sans\\&quot;,sans-serif&quot;,&quot;469769242&quot;:[8226],&quot;469777803&quot;:&quot;left&quot;,&quot;469777804&quot;:&quot;-&quot;,&quot;469777815&quot;:&quot;hybridMultilevel&quot;}\" data-listid=\"4\">\n<p lang=\"CS-CZ\" xml:lang=\"CS-CZ\">lid\u00e9 v nejn\u00e1ro\u010dn\u011bj\u0161\u00edch profes\u00edch budou moci odej\u00edt\u00a0do d\u016fchodu d\u0159\u00edve, \u00a0<\/p>\n<\/li>\n<li role=\"listitem\" aria-setsize=\"-1\" data-aria-level=\"1\" data-aria-posinset=\"4\" data-font=\"&quot;Fira Sans&quot;,sans-serif\" data-leveltext=\"-\" data-list-defn-props=\"{&quot;335552541&quot;:1,&quot;335559683&quot;:0,&quot;335559684&quot;:-2,&quot;335559685&quot;:720,&quot;335559991&quot;:360,&quot;469769226&quot;:&quot;\\&quot;Fira Sans\\&quot;,sans-serif&quot;,&quot;469769242&quot;:[8226],&quot;469777803&quot;:&quot;left&quot;,&quot;469777804&quot;:&quot;-&quot;,&quot;469777815&quot;:&quot;hybridMultilevel&quot;}\" data-listid=\"4\">\n<p lang=\"CS-CZ\" xml:lang=\"CS-CZ\">zv\u00fd\u0161\u00ed se minim\u00e1ln\u00ed procentn\u00ed v\u00fdm\u011bra v\u0161ech d\u016fchod\u016f, \u00a0<\/p>\n<\/li>\n<li role=\"listitem\" aria-setsize=\"-1\" data-aria-level=\"1\" data-aria-posinset=\"5\" data-font=\"&quot;Fira Sans&quot;,sans-serif\" data-leveltext=\"-\" data-list-defn-props=\"{&quot;335552541&quot;:1,&quot;335559683&quot;:0,&quot;335559684&quot;:-2,&quot;335559685&quot;:720,&quot;335559991&quot;:360,&quot;469769226&quot;:&quot;\\&quot;Fira Sans\\&quot;,sans-serif&quot;,&quot;469769242&quot;:[8226],&quot;469777803&quot;:&quot;left&quot;,&quot;469777804&quot;:&quot;-&quot;,&quot;469777815&quot;:&quot;hybridMultilevel&quot;}\" data-listid=\"4\">\n<p lang=\"CS-CZ\" xml:lang=\"CS-CZ\">budou v\u00edce zv\u00fdhodn\u011bni pracuj\u00edc\u00ed senio\u0159i (sn\u00ed\u017e\u00ed se\u00a0sazba\u00a0pojistn\u00e9ho na soci\u00e1ln\u00ed zabezpe\u010den\u00ed), \u00a0<\/p>\n<\/li>\n<li role=\"listitem\" aria-setsize=\"-1\" data-aria-level=\"1\" data-aria-posinset=\"6\" data-font=\"&quot;Fira Sans&quot;,sans-serif\" data-leveltext=\"-\" data-list-defn-props=\"{&quot;335552541&quot;:1,&quot;335559683&quot;:0,&quot;335559684&quot;:-2,&quot;335559685&quot;:720,&quot;335559991&quot;:360,&quot;469769226&quot;:&quot;\\&quot;Fira Sans\\&quot;,sans-serif&quot;,&quot;469769242&quot;:[8226],&quot;469777803&quot;:&quot;left&quot;,&quot;469777804&quot;:&quot;-&quot;,&quot;469777815&quot;:&quot;hybridMultilevel&quot;}\" data-listid=\"4\">\n<p lang=\"CS-CZ\" xml:lang=\"CS-CZ\">man\u017eel\u00e9 si budou moci rozd\u011blit dosa\u017een\u00e9 vym\u011b\u0159ovac\u00ed z\u00e1klady nap\u016fl za obdob\u00ed, kdy oba pracovali s \u00fa\u010dast\u00ed na poji\u0161t\u011bn\u00ed atd. \u00a0<\/p>\n<\/li>\n<\/ul>\n<p lang=\"CS-CZ\" xml:lang=\"CS-CZ\">Pro zaji\u0161t\u011bn\u00ed udr\u017eitelnosti d\u016fchodov\u00e9ho syst\u00e9mu se sn\u00ed\u017e\u00ed z\u00e1po\u010det osobn\u00edho vym\u011b\u0159ovac\u00edho z\u00e1kladu (90 %), sn\u00ed\u017e\u00ed se tak\u00e9 procento za rok poji\u0161t\u011bn\u00ed (ze 1,5 % na 1,45 %).\u00a0<\/p>\n<hr \/>\n<h4><span style=\"color: #009cde;\"><strong>Zm\u011bny v penzijn\u00edm poji\u0161t\u011bn\u00ed \u00a0<\/strong><\/span><\/h4>\n<p xml:lang=\"CS-CZ\">Neust\u00e1le pro V\u00e1s monitorujeme aktu\u00e1ln\u00ed ud\u00e1losti a nejnov\u011bj\u0161\u00ed v\u00fdvoj v t\u00e9to oblasti a pe\u010dliv\u011b aktualizujeme obsah na na\u0161\u00ed webov\u00e9 podpo\u0159e, abychom V\u00e1m poskytovali ty nejd\u016fle\u017eit\u011bj\u0161\u00ed a nejaktu\u00e1ln\u011bj\u0161\u00ed informace.<br \/>Kl\u00ed\u010dov\u00e9 informace naleznete v\u017edy v popisu k aktu\u00e1ln\u00ed verzi k programu.<\/p>\n<h5 lang=\"CS-CZ\" style=\"text-align: center;\" xml:lang=\"CS-CZ\"><a href=\"https:\/\/podpora.nuggetsw.cz\/index.php\/knowledge-base\/produkty-sporeni-na-stari\/\"><b>Webov\u00e1 podpora &#8211; spo\u0159en\u00ed na st\u00e1\u0159\u00ed<\/b><\/a><\/h5>\n<p>Ve v\u00fd\u0161e uveden\u00e9m \u010dl\u00e1nku naleznete podrobnosti o produktech spo\u0159en\u00ed na st\u00e1\u0159\u00ed, zm\u011bny od roku 2024 a n\u00e1vod, jak tyto zm\u011bny zadat do programu Nugget SW.<\/p>\n<hr \/>\n<h4><span style=\"color: #009cde;\"><strong>Dal\u0161\u00ed zm\u011bny v chystan\u00e9 novele z\u00e1kon\u00edku pr\u00e1ce<\/strong><\/span><\/h4>\n<p lang=\"CS-CZ\" xml:lang=\"CS-CZ\">Ministerstvo pr\u00e1ce a soci\u00e1ln\u00edch v\u011bc\u00ed p\u0159edstavuje nov\u00e9 n\u00e1vrhy zm\u011bn z\u00e1kon\u00edku pr\u00e1ce, kter\u00e9 by m\u011bly p\u0159in\u00e9st podstatn\u00e9 zm\u011bny v pracovn\u00edm prost\u0159ed\u00ed.<br \/>Mezi <strong>hlavn\u00ed body novely <\/strong>pat\u0159\u00ed mo\u017enost <strong>p\u0159iv\u00fdd\u011blku pro mlad\u00e9 od 14ti let<\/strong>, av\u0161ak\u00a0pouze b\u011bhem letn\u00edch pr\u00e1zdnin. Sou\u010d\u00e1st\u00ed n\u00e1vrhu je tak\u00e9 <strong>zkr\u00e1cen\u00ed v\u00fdpov\u011bdn\u00ed lh\u016fty<\/strong> na jeden m\u011bs\u00edc, co\u017e by mohlo usnadnit\u00a0p\u0159echod mezi zam\u011bstn\u00e1n\u00edmi pro zam\u011bstnance i zam\u011bstnavatele.<br \/>Dal\u0161\u00ed d\u016fle\u017eitou zm\u011bnou je <strong>prodlou\u017een\u00ed zku\u0161ebn\u00ed doby<\/strong>, v\u017edy s nutnost\u00ed\u00a0dohody mezi ob\u011bma stranami, co\u017e bude v\u00fdhodn\u00e9 zejm\u00e9na pro nov\u00e9 zam\u011bstnance, kte\u0159\u00ed tak budou m\u00edt v\u00edce \u010dasu na sezn\u00e1men\u00ed se s pracovn\u00edm prost\u0159ed\u00edm.<br \/>Novela rovn\u011b\u017e podporuje <strong>d\u0159\u00edv\u011bj\u0161\u00ed n\u00e1vrat z rodi\u010dovsk\u00e9 dovolen\u00e9<\/strong> a navrhuje mo\u017enost <strong>flexibiln\u00ed pracovn\u00ed doby<\/strong> pro zam\u011bstnance s hlavn\u00edm pracovn\u00edm pom\u011brem. Hlavn\u00edm z\u00e1m\u011brem je dos\u00e1hnout vyv\u00e1\u017een\u011bj\u0161\u00edho pom\u011bru mezi pracovn\u00edm a soukrom\u00fdm \u017eivotem.<br \/>Tyto zm\u011bny maj\u00ed za c\u00edl podpo\u0159it dynamiku pracovn\u00edho trhu a zv\u00fd\u0161it pracovn\u00ed p\u0159\u00edle\u017eitosti pro v\u0161echny \u00fa\u010dastn\u00edky pracovn\u00edho procesu.\u00a0<\/p>\n<p lang=\"CS-CZ\" style=\"text-align: center;\" xml:lang=\"CS-CZ\"><strong><a href=\"https:\/\/www.nuggetsw.cz\/novela-zakoniku-prace-navrhovane-zmeny\/\">CEL\u00dd \u010cL\u00c1NEK\u00a0<\/a><\/strong><\/p>\n<hr \/>\n<h4><span style=\"color: #009cde;\"><strong>SK &#8211; Z\u00e1kladn\u00e1 n\u00e1hrada za pou\u017e\u00edvanie cestn\u00fdch motorov\u00fdch vozidiel od 1. 5. 2024<\/strong><\/span><\/h4>\n<p lang=\"CS-CZ\" xml:lang=\"CS-CZ\">Od m\u00e1ja 2024 bud\u00fa zamestnanci za pou\u017eitie cestn\u00fdch motorov\u00fdch vozidiel na pracovnej ceste dost\u00e1va\u0165 nasledovn\u00fa z\u00e1kladn\u00fa n\u00e1hradu:\u00a0<\/p>\n<ul role=\"list\">\n<li role=\"listitem\" aria-setsize=\"-1\" data-aria-level=\"1\" data-aria-posinset=\"1\" data-font=\"Calibri\" data-leveltext=\"-\" data-list-defn-props=\"{&quot;335552541&quot;:1,&quot;335559685&quot;:720,&quot;335559991&quot;:360,&quot;469769226&quot;:&quot;Calibri&quot;,&quot;469769242&quot;:[8226],&quot;469777803&quot;:&quot;left&quot;,&quot;469777804&quot;:&quot;-&quot;,&quot;469777815&quot;:&quot;hybridMultilevel&quot;}\" data-listid=\"2\">\n<p lang=\"CS-CZ\" xml:lang=\"CS-CZ\">pre jednostopov\u00e9 vozidl\u00e1 a\u00a0trojkolky to bude\u00a00,075 eura\u00a0za 1 km,\u00a0<\/p>\n<\/li>\n<li role=\"listitem\" aria-setsize=\"-1\" data-aria-level=\"1\" data-aria-posinset=\"2\" data-font=\"Calibri\" data-leveltext=\"-\" data-list-defn-props=\"{&quot;335552541&quot;:1,&quot;335559685&quot;:720,&quot;335559991&quot;:360,&quot;469769226&quot;:&quot;Calibri&quot;,&quot;469769242&quot;:[8226],&quot;469777803&quot;:&quot;left&quot;,&quot;469777804&quot;:&quot;-&quot;,&quot;469777815&quot;:&quot;hybridMultilevel&quot;}\" data-listid=\"2\">\n<p lang=\"CS-CZ\" xml:lang=\"CS-CZ\">pre osobn\u00e9 cestn\u00e9 motorov\u00e9 vozidl\u00e1\u00a00,265 eura\u00a0za 1 km.\u00a0<\/p>\n<\/li>\n<\/ul>\n<p lang=\"CS-CZ\" xml:lang=\"CS-CZ\">Sumy z\u00e1kladnej n\u00e1hrady s\u00fa zaokr\u00fah\u013eovan\u00e9 pod\u013ea z\u00e1kona o\u00a0cestn\u00fdch n\u00e1hrad\u00e1ch na tri desatinn\u00e9 miesta nahor.\u00a0<\/p>\n<hr \/>\n<h4><span style=\"color: #009cde;\"><strong>Jarn\u00ed e-Konference AVENSIO SW<\/strong><\/span><\/h4>\n<p lang=\"CS-CZ\" xml:lang=\"CS-CZ\">Z\u00e1znamy p\u0159edn\u00e1\u0161ek z na\u0161\u00ed ned\u00e1vn\u00e9 jarn\u00ed e-Konference spole\u010dnosti Avensio SW jsou k dispozici. Na webu budou dostupn\u00e9 <strong>a\u017e do 30. \u010dervna 2024<\/strong>.<br \/>Pokud jste se nemohli e-Konference z\u00fa\u010dastnit\u00a0a r\u00e1di byste p\u0159edn\u00e1\u0161ky zhl\u00e9dli,\u00a0m\u00e1te nyn\u00ed jedine\u010dnou mo\u017enost si je objednat. Nab\u00edz\u00edme mo\u017enost objednat jednotliv\u00e9 p\u0159edn\u00e1\u0161ky za 1600 K\u010d\/1 den, nebo si m\u016f\u017eete vybrat zv\u00fdhodn\u011bn\u00fd bal\u00ed\u010dek p\u0159edn\u00e1\u0161ek za 2900 K\u010d bez DPH.\u00a0<\/p>\n<h5 lang=\"CS-CZ\" style=\"text-align: center;\" xml:lang=\"CS-CZ\"><a href=\"https:\/\/skola.alfasoftware.cz\/p\/zaznamy-prednasek-jarni-e-konference-zvyhodneny-balicek\/?utm_source=ecomail&amp;utm_campaign=2024_04_25_zaznamy_jarni_e-konference_2024&amp;utm_medium=email&amp;utm_term=37075&amp;ecmid=11859\"><b>ZV\u00ddHODN\u011aN\u00dd BAL\u00cd\u010cEK<\/b><\/a><\/h5>\n<p>Konference byla zam\u011b\u0159ena <strong>na legislativn\u00ed novinky z oboru mzdov\u00e9ho \u00fa\u010detnictv\u00ed a personalistiky<\/strong>. Hlavn\u00edmi t\u00e9maty byly novinky v nemocensk\u00e9m poji\u0161t\u011bn\u00ed a pojistn\u00e9m na soci\u00e1ln\u00ed zabezpe\u010den\u00ed a p\u0159ek\u00e1\u017eky v pr\u00e1ci na stran\u011b zam\u011bstnance a zam\u011bstnavatele. \u00a0<\/p>\n<p style=\"text-align: center;\"><a href=\"https:\/\/skola.alfasoftware.cz\/p\/aktuality-v-nemocenskem-pojisteni-a-pojistnem-na-socialni-zabezpeceni-zaznam-jarni-e-konference\/\">Nemocensk\u00e9 poji\u0161t\u011bn\u00ed a pojistn\u00e9 na soci\u00e1ln\u00ed zabezpe\u010den\u00ed<\/a><\/p>\n<p style=\"text-align: center;\"><a href=\"https:\/\/skola.alfasoftware.cz\/p\/prekazky-v-praci-na-strane-zamestnavatele-a-zamestnance-zaznam-jarni-e-konference\/\">P\u0159ek\u00e1\u017eky v pr\u00e1ci na stran\u011b zam\u011bstnavatele a zam\u011bstnance<\/a><\/p>\n<hr \/>\n\n\n<h4 class=\"has-text-color wp-block-heading\" style=\"color:#009cde\">Pr\u00e1ce ve sv\u00e1tek a p\u0159\u00edplatky<\/h4>\n\n\n\n<p>Mo\u017en\u00e1 jste v&nbsp;souvislosti s&nbsp;ned\u00e1vn\u00fdmi st\u00e1tn\u00edmi sv\u00e1tky \u0159e\u0161ili, jak postupovat u odm\u011bn za pr\u00e1ci v&nbsp;tyto sv\u00e1te\u010dn\u00ed dny. Proto\u017ee tato problematika nemus\u00ed b\u00fdt v\u017edy \u00fapln\u011b jasn\u00e1, p\u0159ipravili jsme pro V\u00e1s webin\u00e1\u0159, kde t\u00e9ma podrobn\u011b rozebereme a na kter\u00fd jste srde\u010dn\u011b zv\u00e1ni. Ji\u017e nyn\u00ed si ale m\u016f\u017eete hlavn\u00ed z\u00e1sady ov\u011b\u0159it n\u00ed\u017ee v&nbsp;na\u0161em souhrnu. &nbsp;<\/p>\n\n\n\n<p>Kter\u00fd den je pova\u017eov\u00e1n za sv\u00e1tek vypl\u00fdv\u00e1 <strong>ze z\u00e1kona \u010d. 245\/2000 Sb.<\/strong>, o st\u00e1tn\u00edch sv\u00e1tc\u00edch, o ostatn\u00edch sv\u00e1tc\u00edch, o v\u00fdznamn\u00fdch dnech&nbsp;a o dnech pracovn\u00edho klidu. Z&nbsp;pohledu pracovn\u011bpr\u00e1vn\u00edho mezi sv\u00e1tky st\u00e1tn\u00edmi a ostatn\u00edmi nen\u00ed pr\u00e1vn\u00ed rozd\u00edl, jsou to dny pracovn\u00edho klidu. &nbsp;<\/p>\n\n\n\n<p>Podm\u00ednky, za kter\u00fdch m\u016f\u017ee zam\u011bstnavatel na\u0159\u00eddit pr\u00e1ci ve sv\u00e1tek upravuje \u00a7 91 z\u00e1kon\u00edku pr\u00e1ce. Zam\u011bstnanec v&nbsp;t\u011bchto dnech m\u016f\u017ee vykon\u00e1vat pr\u00e1ci v&nbsp;r\u00e1mci sv\u00e9 rozvr\u017een\u00e9 sm\u011bny nebo jako pr\u00e1ci p\u0159es\u010das.&nbsp;<\/p>\n\n\n\n<p><strong>Za pr\u00e1ci konanou ve sv\u00e1tek<\/strong> n\u00e1le\u017e\u00ed v&nbsp;prvn\u00ed \u0159ad\u011b zam\u011bstnanci n\u00e1hradn\u00ed volno ve stejn\u00e9m \u010dasov\u00e9m rozsahu jako v\u00fdkon pr\u00e1ce ve sv\u00e1tek. Za dobu \u010derp\u00e1n\u00ed n\u00e1hradn\u00edho volna p\u0159\u00edslu\u0161\u00ed zam\u011bstnanci n\u00e1hrada mzdy ve v\u00fd\u0161i pr\u016fm\u011brn\u00e9ho v\u00fdd\u011blku. Mzda se nekr\u00e1t\u00ed jen v&nbsp;t\u011bch p\u0159\u00edpadech, pokud by pr\u016fm\u011brn\u00fd v\u00fdd\u011blek byl v\u00fdjime\u010dn\u011b ni\u017e\u0161\u00ed ne\u017e m\u011bs\u00ed\u010dn\u00ed mzda.&nbsp;<\/p>\n\n\n\n<p>D\u00e1le je p\u0159\u00edpustn\u00e1 dohoda mezi zam\u011bstnavatelem a zam\u011bstnancem na poskytnut\u00ed p\u0159\u00edplatku ve v\u00fd\u0161i pr\u016fm\u011brn\u00e9ho v\u00fdd\u011blku.&nbsp;<\/p>\n\n\n\n<p>Pokud zam\u011bstnanec ve sv\u00e1tek nepracuje a tento den je jeho obvykl\u00fdm pracovn\u00edm dnem, pak zam\u011bstnanci n\u00e1le\u017e\u00ed n\u00e1hrada mzdy ve v\u00fd\u0161i pr\u016fm\u011brn\u00e9ho v\u00fdd\u011blku. Je-li zam\u011bstnanec odm\u011b\u0148ov\u00e1n m\u011bs\u00ed\u010dn\u00ed mzdou, pak se tato mzda nekr\u00e1t\u00ed. &nbsp;<\/p>\n\n\n\n<p>Obdobn\u011b je tomu i u zam\u011bstnanc\u016f odm\u011b\u0148ovan\u00fdch platem. P\u0159\u00edplatek za pr\u00e1ci ve sv\u00e1tek je ve v\u00fd\u0161i 100% hodinov\u00e9ho pr\u016fm\u011brn\u00e9ho v\u00fdd\u011blku a je to n\u00e1rokov\u00e1 slo\u017eka platu, pokud nen\u00ed dohoda o \u010derp\u00e1n\u00ed n\u00e1hradn\u00edho volna. Plat za sv\u00e1tek nen\u00ed kr\u00e1cen a \u010derp\u00e1-li zam\u011bstnanec za pr\u00e1ci ve sv\u00e1tek n\u00e1hradn\u00ed volno, pak nen\u00ed kr\u00e1cen plat ani z\u00a0d\u016fvodu \u010derp\u00e1n\u00ed n\u00e1hradn\u00edho volna.\u00a0<\/p>\n\n\n\n<p class=\"has-text-align-center\"><strong><a href=\"https:\/\/skola.alfasoftware.cz\/p\/webinar-prace-ve-svatek-a-priplatky-online-3-6-2024\/\">P\u0158IHL\u00c1SIT SE<\/a><\/strong><\/p>\n\n\n\n<hr class=\"wp-block-separator has-text-color has-background has-cyan-bluish-gray-background-color has-cyan-bluish-gray-color is-style-wide\"\/>\n\n\n\n<h4 class=\"has-vivid-cyan-blue-color has-text-color wp-block-heading\">Dohody o proveden\u00ed pr\u00e1ce od 1. 7. 2024\u00a0\u00a0 <\/h4>\n\n\n\n<p>S\u00a0nejnov\u011bj\u0161\u00edmi verzemi opera\u010dn\u00edch syst\u00e9m\u016f se projevuje sni\u017eov\u00e1n\u00ed d\u016fv\u011bry jejich vydavatel\u016f v\u016f\u010di administr\u00e1tor\u016fm sv\u00fdch <\/p>\n\n\n\n<p>Od 1. 7. 2024 se m\u011bn\u00ed pravidla t\u00fdkaj\u00edc\u00ed se Dohod&nbsp;o proveden\u00ed pr\u00e1ce (DPP). Pokud m\u00e1 zam\u011bstnanec DPP u v\u00edce zam\u011bstnavatel\u016f, p\u0159\u00edjmy z t\u011bchto DPP se ji\u017e nebudou s\u010d\u00edtat.&nbsp;Z tohoto d\u016fvodu nebude zam\u011bstnanec nemocensky poji\u0161t\u011bn u \u017e\u00e1dn\u00e9ho zam\u011bstnavatele.&nbsp;<\/p>\n\n\n\n<p>Nad\u00e1le v\u0161ak z\u016fst\u00e1v\u00e1 zam\u011bstnavatel\u016fm povinnost od 1. 7. 2024 zas\u00edlat elektronicky na \u010cSSZ za ka\u017ed\u00fd m\u011bs\u00edc seznam zam\u011bstnanc\u016f na DPP s v\u00fd\u0161\u00ed z\u00fa\u010dtovan\u00e9ho p\u0159\u00edjmu.\u00a0<\/p>\n\n\n\n<hr class=\"wp-block-separator has-text-color has-background has-cyan-bluish-gray-background-color has-cyan-bluish-gray-color is-style-wide\"\/>\n\n\n\n<h4 class=\"has-text-color wp-block-heading\" style=\"color:#009cde\">Dohody o proveden\u00ed pr\u00e1ce od 1. 1. 2025\u00a0<\/h4>\n\n\n\n<p>Poslaneck\u00e1 sn\u011bmovna tak\u00e9 schv\u00e1lila novou \u00fapravu od 1. 1. 2025. Podle t\u00e9to&nbsp;\u00fapravy&nbsp;budou zam\u011bstnanci s DPP platit nemocensk\u00e9 poji\u0161t\u011bn\u00ed <strong>za stejn\u00fdch podm\u00ednek jako zam\u011bstnanci se standardn\u00ed pracovn\u00ed smlouvou nebo dohodou o pracovn\u00ed \u010dinnosti <\/strong>(DP\u010c). To znamen\u00e1, \u017ee DPP m\u016f\u017ee b\u00fdt te\u010f pova\u017eov\u00e1na za zam\u011bstn\u00e1n\u00ed mal\u00e9ho&nbsp;rozsahu&nbsp;(dosud to platilo pouze pro DP\u010c).&nbsp;<\/p>\n\n\n\n<p>Nicm\u00e9n\u011b, bude tu v\u00fdjimka pro zam\u011bstnance, kte\u0159\u00ed budou v re\u017eimu <strong>tzv. &#8222;ozn\u00e1men\u00e9 dohody&#8220;.<\/strong> Zam\u011bstnavatel\u00e9 budou muset ozn\u00e1mit \u010cSSZ, \u017ee zam\u011bstnanec pracuje pod t\u00edmto re\u017eimem a zam\u011bstnanec m\u016f\u017ee b\u00fdt v&nbsp;tomto re\u017eimu registrov\u00e1n pouze u jednoho zam\u011bstnavatele. Zam\u011bstnavatel\u00e9 t\u00e9\u017e od \u010cSSZ obdr\u017e\u00ed informaci o tom, zda je zam\u011bstnanec v&nbsp;tomto re\u017eimu ji\u017e registrov\u00e1n jinde. Pokud ano, plat\u00ed pro n\u011bj stejn\u00e1 hranice p\u0159\u00edjm\u016f pro \u00fa\u010dast na nemocensk\u00e9m poji\u0161t\u011bn\u00ed jako pro zam\u011bstnance s DP\u010c. Od 1. 1. 2025 se tato hranice zv\u00fd\u0161\u00ed z 4 000 K\u010d na <strong>4 500 K\u010d<\/strong>.&nbsp;<\/p>\n\n\n\n<p>U dohod v re\u017eimu tzv. &#8222;dohodnut\u00e1 dohoda&#8220; bude hranice p\u0159\u00edjm\u016f pro \u00fa\u010dast na nemocensk\u00e9m poji\u0161t\u011bn\u00ed pohybliv\u00e1 a bude \u010dinit 25 % pr\u016fm\u011brn\u00e9 mzdy. O\u010dek\u00e1v\u00e1 se, \u017ee od 1. 1. 2025 to bude \u010dinit 11 000 K\u010d.&nbsp;<\/p>\n\n\n\n<p><strong>Do konce roku 2024 se u zam\u011bstnanc\u016f na DPP podm\u00ednky \u00fa\u010dasti na nemocensk\u00e9m poji\u0161t\u011bn\u00ed nem\u011bn\u00ed<\/strong>, pojistn\u00e9 na soci\u00e1ln\u00ed zabezpe\u010den\u00ed se plat\u00ed a\u017e p\u0159i p\u0159\u00edjmu vy\u0161\u0161\u00edm ne\u017e 10 000 K\u010d.\u00a0<\/p>\n\n\n\n<hr class=\"wp-block-separator has-text-color has-background has-cyan-bluish-gray-background-color has-cyan-bluish-gray-color is-style-wide\"\/>\n\n\n\n<h4 class=\"has-text-color wp-block-heading\" style=\"color:#009cde\">Napojen\u00ed na insolven\u010dn\u00ed rejst\u0159\u00edk &#8211; ISIR <\/h4>\n\n\n\n<p>V\u011bd\u011bli jste, \u017ee n\u00e1\u0161 modul ISIR zaji\u0161\u0165uje online napojen\u00ed na insolven\u010dn\u00ed rejst\u0159\u00edk zve\u0159ej\u0148ovan\u00fd na port\u00e1lu Justice Ministerstva spravedlnosti? D\u00edky n\u011bmu m\u00e1te v Nuggetu ka\u017ed\u00fd den k dispozici aktu\u00e1ln\u00ed informace o stavu p\u0159\u00edpadn\u00e9 insolvence zam\u011bstnanc\u016f Va\u0161\u00ed spole\u010dnosti. Ty&nbsp;vyu\u017eijete zejm\u00e9na p\u0159i zpracov\u00e1n\u00ed sr\u00e1\u017eek ze mzdy, a to hlavn\u011b&nbsp;exekuc\u00ed zam\u011bstnanc\u016f v insolvenci. Sledov\u00e1n\u00ed evidence zam\u011bstnanc\u016f v insolven\u010dn\u00edm rejst\u0159\u00edku pat\u0159\u00ed mezi povinnosti mzdov\u00fdch \u00fa\u010detn\u00edch a personalist\u016f. &nbsp;<\/p>\n\n\n\n<p>V p\u0159\u00edpad\u011b z\u00e1jmu o tento samostatn\u00fd modul napojen\u00ed na insolven\u010dn\u00ed rejst\u0159\u00edk, pros\u00edme, kontaktujte na\u0161e obchodn\u00ed odd\u011blen\u00ed. \u00a0<\/p>\n\n\n\n<p>Pokud m\u00e1te o modul z\u00e1jem, kontaktujte, pros\u00edm, na\u0161e obchodn\u00ed odd\u011blen\u00ed: <strong>obchod@nuggetsw.cz <\/strong><\/p>\n\n\n\n<hr class=\"wp-block-separator has-text-color has-background has-cyan-bluish-gray-background-color has-cyan-bluish-gray-color is-style-wide\"\/>\n","protected":false},"excerpt":{"rendered":"<p>V\u00edt\u00e1me V\u00e1s u kv\u011btnov\u00fdch Nuggetovin, kter\u00e9 jsou pln\u00e9 tip\u016f a trik\u016f nejen z oblasti mzdov\u00e9ho \u00fa\u010detnictv\u00ed!<br \/>\nDozv\u00edte se, jak je to s d\u016fchodovou reformou, chystanou novelou z\u00e1kon\u00edku pr\u00e1ce a jak\u00e9 jsou zm\u011bny v dohod\u00e1ch o proveden\u00ed pr\u00e1ce.<br \/>\nP\u0159edstav\u00edme V\u00e1m tak\u00e9 \u0161ikovn\u00fd modul napojen\u00ed na insolven\u010dn\u00ed rejst\u0159\u00edk, kter\u00fd je velmi \u0161ikovn\u00fdm pomocn\u00edkem!<\/p>\n","protected":false},"author":8,"featured_media":0,"comment_status":"closed","ping_status":"closed","sticky":false,"template":"","format":"standard","meta":{"footnotes":""},"categories":[443],"tags":[],"class_list":["post-8372","post","type-post","status-publish","format-standard","hentry","category-nuggetoviny"],"_links":{"self":[{"href":"https:\/\/podpora.nuggetsw.cz\/index.php\/wp-json\/wp\/v2\/posts\/8372","targetHints":{"allow":["GET"]}}],"collection":[{"href":"https:\/\/podpora.nuggetsw.cz\/index.php\/wp-json\/wp\/v2\/posts"}],"about":[{"href":"https:\/\/podpora.nuggetsw.cz\/index.php\/wp-json\/wp\/v2\/types\/post"}],"author":[{"embeddable":true,"href":"https:\/\/podpora.nuggetsw.cz\/index.php\/wp-json\/wp\/v2\/users\/8"}],"replies":[{"embeddable":true,"href":"https:\/\/podpora.nuggetsw.cz\/index.php\/wp-json\/wp\/v2\/comments?post=8372"}],"version-history":[{"count":1,"href":"https:\/\/podpora.nuggetsw.cz\/index.php\/wp-json\/wp\/v2\/posts\/8372\/revisions"}],"predecessor-version":[{"id":8374,"href":"https:\/\/podpora.nuggetsw.cz\/index.php\/wp-json\/wp\/v2\/posts\/8372\/revisions\/8374"}],"wp:attachment":[{"href":"https:\/\/podpora.nuggetsw.cz\/index.php\/wp-json\/wp\/v2\/media?parent=8372"}],"wp:term":[{"taxonomy":"category","embeddable":true,"href":"https:\/\/podpora.nuggetsw.cz\/index.php\/wp-json\/wp\/v2\/categories?post=8372"},{"taxonomy":"post_tag","embeddable":true,"href":"https:\/\/podpora.nuggetsw.cz\/index.php\/wp-json\/wp\/v2\/tags?post=8372"}],"curies":[{"name":"wp","href":"https:\/\/api.w.org\/{rel}","templated":true}]}}