
{"id":8249,"date":"2024-05-06T08:00:00","date_gmt":"2024-05-06T08:00:00","guid":{"rendered":"https:\/\/podpora.nuggetsw.cz\/?p=8249"},"modified":"2024-05-13T10:43:04","modified_gmt":"2024-05-13T10:43:04","slug":"novela-zakoniku-prace-navrhovane-zmeny","status":"publish","type":"post","link":"https:\/\/podpora.nuggetsw.cz\/index.php\/2024\/05\/06\/novela-zakoniku-prace-navrhovane-zmeny\/","title":{"rendered":"Novela z\u00e1kon\u00edku pr\u00e1ce \u2013 navrhovan\u00e9 zm\u011bny"},"content":{"rendered":"\n<h5 class=\"wp-block-heading\"><strong>P\u0159iv\u00fdd\u011blek ji\u017e od 14 let<\/strong><\/h5>\n\n\n\n<p>Ministerstvo pr\u00e1ce a soci\u00e1ln\u00edch v\u011bc\u00ed v novele z\u00e1kon\u00edku pr\u00e1ce navrhuje zm\u011bny, kter\u00e9 se t\u00fdkaj\u00ed brig\u00e1d pro mlad\u00e9. Mo\u017enost p\u0159iv\u00fdd\u011blku by byla umo\u017en\u011bna ji\u017e od 14 let. P\u0159ivyd\u011bl\u00e1vat si bude mo\u017en\u00e9 pouze o letn\u00edch pr\u00e1zdnin\u00e1ch. K tomu v\u0161ak bude nezbytn\u00fd souhlas rodi\u010d\u016f, p\u011bstoun\u016f nebo jin\u00fdch z\u00e1konn\u00fdch z\u00e1stupc\u016f. Pracovn\u00ed doba by byla omezena na maxim\u00e1ln\u011b 35 hodin t\u00fddn\u011b, a p\u0159ed zah\u00e1jen\u00edm brig\u00e1dy by bylo nutn\u00e9 absolvovat vstupn\u00ed l\u00e9ka\u0159skou prohl\u00eddku. D\u00e1le by byly omezeny typy prac\u00ed, kter\u00e9 mladistv\u00ed mohou vykon\u00e1vat, aby neohrozily jejich zdrav\u00ed (nap\u0159. prodej zmrzliny, v\u00fdpomoc v kuchyni, administrativn\u00ed pr\u00e1ce). Novela aktu\u00e1ln\u011b proch\u00e1z\u00ed p\u0159ipom\u00ednkov\u00fdm \u0159\u00edzen\u00edm, pokud projde cel\u00fdm legislativn\u00edm procesem, m\u011bla by za\u010d\u00edt platit na za\u010d\u00e1tku p\u0159\u00ed\u0161t\u00edho roku.<\/p>\n\n\n\n<p>C\u00edlem t\u011bchto opat\u0159en\u00ed je poskytnout mlad\u00fdm lidem v\u00edce p\u0159\u00edle\u017eitost\u00ed k z\u00edsk\u00e1n\u00ed pracovn\u00edch zku\u0161enost\u00ed a p\u0159iv\u00fdd\u011blku b\u011bhem hlavn\u00edch pr\u00e1zdnin.<\/p>\n\n\n\n<h5 class=\"wp-block-heading\"><strong>Zkr\u00e1cen\u00ed v\u00fdpov\u011bdn\u00ed doby<\/strong><\/h5>\n\n\n\n<p>Dle ministra pr\u00e1ce a soci\u00e1ln\u00edch v\u011bc\u00ed Mariana Jure\u010dky je zkr\u00e1cen\u00ed v\u00fdpov\u011bdn\u00ed lh\u016fty na jeden m\u011bs\u00edc d\u016fle\u017eit\u00e9 pro zam\u011bstnavatele i zam\u011bstnance. A to nejen kv\u016fli pochyben\u00ed zam\u011bstnance, ale tak\u00e9 m\u016f\u017ee p\u0159ij\u00edt vhod v&nbsp;okam\u017eiku, kdy si zam\u011bstnanec najde nov\u00e9 zam\u011bstn\u00e1n\u00ed, do kter\u00e9ho bude cht\u00edt nastoupit co nejd\u0159\u00edve. Navrhovan\u00e1 mo\u017enost v\u00fdpov\u011bdi bez uveden\u00ed d\u016fvodu nakonec nebude sou\u010d\u00e1st\u00ed novely.<\/p>\n\n\n\n<h5 class=\"wp-block-heading\"><strong>Prodlou\u017een\u00ed zku\u0161ebn\u00ed doby<\/strong><\/h5>\n\n\n\n<p>Dal\u0161\u00ed zm\u011bnou bude d\u00e9lka zku\u0161ebn\u00ed doby. Pl\u00e1nuje se prodlou\u017een\u00ed maxim\u00e1ln\u00ed d\u00e9lky zku\u0161ebn\u00ed doby a umo\u017en\u011bn\u00ed jej\u00edho prodlou\u017een\u00ed na z\u00e1klad\u011b vz\u00e1jemn\u00e9 dohody mezi zam\u011bstnavatelem a zam\u011bstnancem. U b\u011b\u017en\u00e9ho zam\u011bstnance se zku\u0161ebn\u00ed doba prodlou\u017e\u00ed maxim\u00e1ln\u011b na 4 m\u011bs\u00edce, u vedouc\u00edho pracovn\u00edka na 8 m\u011bs\u00edc\u016f. Prodlou\u017een\u00ed zku\u0161ebn\u00ed doby bude mo\u017enost\u00ed, ne povinnost\u00ed, a bude z\u00e1viset na dohod\u011b mezi zam\u011bstnavatelem a zam\u011bstnancem. Tato mo\u017enost bude pova\u017eov\u00e1na za p\u0159idanou hodnotu pro zam\u011bstnance, proto\u017ee jim umo\u017en\u00ed l\u00e9pe se sezn\u00e1mit s pracovn\u00edm prost\u0159ed\u00edm.<\/p>\n\n\n\n<h5 class=\"wp-block-heading\"><strong>Podpora d\u0159\u00edv\u011bj\u0161\u00edho n\u00e1vratu z&nbsp;rodi\u010dovsk\u00e9 dovolen\u00e9<\/strong><\/h5>\n\n\n\n<p>Do v\u011bku 2 let d\u00edt\u011bte bude m\u00edt rodi\u010d n\u00e1rok na stejn\u00e9 pracovn\u00ed m\u00edsto. Stejn\u011b tak budou zam\u011bstnanc\u016fm, kte\u0159\u00ed pob\u00edraj\u00ed rodi\u010dovskou dovolenou, umo\u017en\u011bno na z\u00e1klad\u011b dohody o proveden\u00ed pr\u00e1ce nebo dohody o pracovn\u00ed \u010dinnosti vykon\u00e1vat u stejn\u00e9ho zam\u011bstnavatele stejn\u00fd typ pr\u00e1ce jako p\u0159ed n\u00e1stupem na dovolenou. Rovn\u011b\u017e&nbsp;<strong>bude mo\u017en\u00e9 obdr\u017eet v\u00fdplatu mzdy v&nbsp;jin\u00e9 ne\u017e \u010desk\u00e9 m\u011bn\u011b.<\/strong><\/p>\n\n\n\n<h5 class=\"wp-block-heading\"><strong>Flexibiln\u00ed pracovn\u00ed doba<\/strong><\/h5>\n\n\n\n<p>Podle nov\u00e9ho n\u00e1vrhu by m\u011bli zam\u011bstnanci s hlavn\u00edm pracovn\u00edm pom\u011brem od p\u0159\u00ed\u0161t\u00edho roku mo\u017enost sami si pl\u00e1novat svou pracovn\u00ed dobu. Tato zm\u011bna je inovativn\u00ed, proto\u017ee dosud byla tato mo\u017enost k dispozici pouze pro pr\u00e1ci na d\u00e1lku a pracovn\u00ed dohody. Tento n\u00e1vrh tak otev\u00edr\u00e1 mo\u017enost, aby si nap\u0159\u00edklad mana\u017ee\u0159i, obchodn\u00ed z\u00e1stupci a dal\u0161\u00ed samostatn\u011b pracuj\u00edc\u00ed zam\u011bstnanci mohli ur\u010dit sv\u016fj pracovn\u00ed \u010das podle sv\u00fdch preferenc\u00ed.<\/p>\n","protected":false},"excerpt":{"rendered":"<p>P\u0159iv\u00fdd\u011blek ji\u017e od 14 let<br \/>\nZkr\u00e1cen\u00ed v\u00fdpov\u011bdn\u00ed doby<br \/>\nProdlou\u017een\u00ed zku\u0161ebn\u00ed doby<br \/>\nPodpora d\u0159\u00edv\u011bj\u0161\u00edho n\u00e1vratu z\u00a0rodi\u010dovsk\u00e9 dovolen\u00e9<br \/>\nFlexibiln\u00ed pracovn\u00ed doba<\/p>\n","protected":false},"author":3,"featured_media":0,"comment_status":"closed","ping_status":"closed","sticky":false,"template":"","format":"standard","meta":{"footnotes":""},"categories":[365],"tags":[],"class_list":["post-8249","post","type-post","status-publish","format-standard","hentry","category-clanky"],"_links":{"self":[{"href":"https:\/\/podpora.nuggetsw.cz\/index.php\/wp-json\/wp\/v2\/posts\/8249","targetHints":{"allow":["GET"]}}],"collection":[{"href":"https:\/\/podpora.nuggetsw.cz\/index.php\/wp-json\/wp\/v2\/posts"}],"about":[{"href":"https:\/\/podpora.nuggetsw.cz\/index.php\/wp-json\/wp\/v2\/types\/post"}],"author":[{"embeddable":true,"href":"https:\/\/podpora.nuggetsw.cz\/index.php\/wp-json\/wp\/v2\/users\/3"}],"replies":[{"embeddable":true,"href":"https:\/\/podpora.nuggetsw.cz\/index.php\/wp-json\/wp\/v2\/comments?post=8249"}],"version-history":[{"count":2,"href":"https:\/\/podpora.nuggetsw.cz\/index.php\/wp-json\/wp\/v2\/posts\/8249\/revisions"}],"predecessor-version":[{"id":8251,"href":"https:\/\/podpora.nuggetsw.cz\/index.php\/wp-json\/wp\/v2\/posts\/8249\/revisions\/8251"}],"wp:attachment":[{"href":"https:\/\/podpora.nuggetsw.cz\/index.php\/wp-json\/wp\/v2\/media?parent=8249"}],"wp:term":[{"taxonomy":"category","embeddable":true,"href":"https:\/\/podpora.nuggetsw.cz\/index.php\/wp-json\/wp\/v2\/categories?post=8249"},{"taxonomy":"post_tag","embeddable":true,"href":"https:\/\/podpora.nuggetsw.cz\/index.php\/wp-json\/wp\/v2\/tags?post=8249"}],"curies":[{"name":"wp","href":"https:\/\/api.w.org\/{rel}","templated":true}]}}