
{"id":8042,"date":"2024-04-09T13:00:00","date_gmt":"2024-04-09T13:00:00","guid":{"rendered":"https:\/\/podpora.nuggetsw.cz\/?p=8042"},"modified":"2024-04-10T13:06:52","modified_gmt":"2024-04-10T13:06:52","slug":"dalsi-pripravovana-novela-zakoniku-prace-valorizace-minimalni-mzdy","status":"publish","type":"post","link":"https:\/\/podpora.nuggetsw.cz\/index.php\/2024\/04\/09\/dalsi-pripravovana-novela-zakoniku-prace-valorizace-minimalni-mzdy\/","title":{"rendered":"Dal\u0161\u00ed p\u0159ipravovan\u00e1 novela z\u00e1kon\u00edku pr\u00e1ce \u2013 Valorizace minim\u00e1ln\u00ed mzdy"},"content":{"rendered":"\n<p>N\u00e1vrh novely z\u00e1kon\u00edku pr\u00e1ce, kter\u00e1 zavede p\u0159edv\u00eddateln\u00e1 pravidla pro valorizaci minim\u00e1ln\u00ed mzdy, schv\u00e1lila vl\u00e1da v&nbsp;posledn\u00edm b\u0159eznov\u00e9m t\u00fddnu. MPSV podle navrhovan\u00e9 novely v\u017edy do 30. z\u00e1\u0159\u00ed vyhl\u00e1s\u00ed v\u00fd\u0161i minim\u00e1ln\u00ed mzdy pro n\u00e1sleduj\u00edc\u00ed rok.<\/p>\n\n\n\n<p>\u010c\u00e1stka minim\u00e1ln\u00ed mzdy bude podle n\u00e1vrhu MPSV v\u00fdsledkem sou\u010dinu koeficientu stanoven\u00e9ho vl\u00e1dou a predikce pr\u016fm\u011brn\u00e9 mzdy v n\u00e1rodn\u00edm hospod\u00e1\u0159stv\u00ed pro p\u0159\u00edslu\u0161n\u00fd kalend\u00e1\u0159n\u00ed rok. Tento \u00fadaj zve\u0159ej\u0148uje Ministerstvo financ\u00ed.<\/p>\n\n\n\n<p><strong>Koeficient bude p\u0159edstavovat c\u00edlen\u00fd pom\u011br minim\u00e1ln\u00ed a pr\u016fm\u011brn\u00e9 mzdy v dan\u00e9m kalend\u00e1\u0159n\u00edm roce.<\/strong>&nbsp;P\u0159i jeho stanovov\u00e1n\u00ed bude vl\u00e1da vych\u00e1zet ze z\u00e1konem stanoven\u00fdch krit\u00e9ri\u00ed. Mezi n\u011b pat\u0159\u00ed kupn\u00ed s\u00edla z\u00e1konn\u00fdch minim\u00e1ln\u00edch mezd s ohledem na \u017eivotn\u00ed n\u00e1klady, obecn\u00e1 \u00farove\u0148 mezd a jejich rozd\u011blen\u00ed, tempo r\u016fstu mezd, dlouhodob\u00e1 vnitrost\u00e1tn\u00ed m\u00edra produktivity a jej\u00ed v\u00fdvoj.<\/p>\n\n\n\n<p>Dle p\u0159edlo\u017een\u00e9ho&nbsp;<strong>n\u00e1vrhu se zru\u0161\u00ed sou\u010dasn\u00e1 zaru\u010den\u00e1 mzda a bude zaveden zaru\u010den\u00fd plat<\/strong>&nbsp;pro zam\u011bstnance ve ve\u0159ejn\u00fdch slu\u017eb\u00e1ch a st\u00e1tn\u00ed spr\u00e1v\u011b.<\/p>\n\n\n\n<p>Novela nyn\u00ed projde meziresortn\u00edm p\u0159ipom\u00ednkov\u00fdm \u0159\u00edzen\u00edm.<strong>&nbsp;Jej\u00ed \u00fa\u010dinnost je pl\u00e1nov\u00e1na na 1. \u010dervence 2024.<\/strong>&nbsp;Minim\u00e1ln\u00ed mzda by tak byla poprv\u00e9 stanovena na z\u00e1klad\u011b valoriza\u010dn\u00edho mechanismu pro rok 2025.<\/p>\n\n\n\n<p class=\"has-text-align-right\"><em>Zdroj: MPSV<\/em><\/p>\n\n\n\n<p><a href=\"http:\/\/chrome-extension:\/\/efaidnbmnnnibpcajpcglclefindmkaj\/https:\/\/www.mpsv.cz\/documents\/20142\/4552532\/TZ_valorizace_minimalni_mzdy_11102023.pdf\/05510b35-a5c7-7a01-f6a4-048c95645a60\">Tiskov\u00e1 zpr\u00e1va<\/a><a rel=\"noreferrer noopener\" href=\"https:\/\/www.mpsv.cz\/documents\/20142\/4552532\/TZ_valorizace_minimalni_mzdy_11102023.pdf\/05510b35-a5c7-7a01-f6a4-048c95645a60\" target=\"_blank\"><\/a><\/p>\n","protected":false},"excerpt":{"rendered":"<p>Dal\u0161\u00ed p\u0159ipravovan\u00e1 novela z\u00e1kon\u00edku pr\u00e1ce \u2013 Valorizace minim\u00e1ln\u00ed mzdy<\/p>\n<p>N\u00e1vrh novely z\u00e1kon\u00edku pr\u00e1ce, kter\u00e1 zavede p\u0159edv\u00eddateln\u00e1 pravidla pro valorizaci minim\u00e1ln\u00ed mzdy, schv\u00e1lila vl\u00e1da v\u00a0posledn\u00edm b\u0159eznov\u00e9m t\u00fddnu. MPSV podle navrhovan\u00e9 novely v\u017edy do 30. z\u00e1\u0159\u00ed vyhl\u00e1s\u00ed v\u00fd\u0161i minim\u00e1ln\u00ed mzdy pro n\u00e1sleduj\u00edc\u00ed rok.<\/p>\n","protected":false},"author":3,"featured_media":0,"comment_status":"closed","ping_status":"closed","sticky":false,"template":"","format":"standard","meta":{"footnotes":""},"categories":[365],"tags":[],"class_list":["post-8042","post","type-post","status-publish","format-standard","hentry","category-clanky"],"_links":{"self":[{"href":"https:\/\/podpora.nuggetsw.cz\/index.php\/wp-json\/wp\/v2\/posts\/8042","targetHints":{"allow":["GET"]}}],"collection":[{"href":"https:\/\/podpora.nuggetsw.cz\/index.php\/wp-json\/wp\/v2\/posts"}],"about":[{"href":"https:\/\/podpora.nuggetsw.cz\/index.php\/wp-json\/wp\/v2\/types\/post"}],"author":[{"embeddable":true,"href":"https:\/\/podpora.nuggetsw.cz\/index.php\/wp-json\/wp\/v2\/users\/3"}],"replies":[{"embeddable":true,"href":"https:\/\/podpora.nuggetsw.cz\/index.php\/wp-json\/wp\/v2\/comments?post=8042"}],"version-history":[{"count":2,"href":"https:\/\/podpora.nuggetsw.cz\/index.php\/wp-json\/wp\/v2\/posts\/8042\/revisions"}],"predecessor-version":[{"id":8044,"href":"https:\/\/podpora.nuggetsw.cz\/index.php\/wp-json\/wp\/v2\/posts\/8042\/revisions\/8044"}],"wp:attachment":[{"href":"https:\/\/podpora.nuggetsw.cz\/index.php\/wp-json\/wp\/v2\/media?parent=8042"}],"wp:term":[{"taxonomy":"category","embeddable":true,"href":"https:\/\/podpora.nuggetsw.cz\/index.php\/wp-json\/wp\/v2\/categories?post=8042"},{"taxonomy":"post_tag","embeddable":true,"href":"https:\/\/podpora.nuggetsw.cz\/index.php\/wp-json\/wp\/v2\/tags?post=8042"}],"curies":[{"name":"wp","href":"https:\/\/api.w.org\/{rel}","templated":true}]}}