
{"id":2816,"date":"2022-02-09T09:44:00","date_gmt":"2022-02-09T09:44:00","guid":{"rendered":"https:\/\/podpora.nuggetsw.cz\/?p=2816"},"modified":"2022-02-09T09:44:01","modified_gmt":"2022-02-09T09:44:01","slug":"verze-v04r22m03","status":"publish","type":"post","link":"https:\/\/podpora.nuggetsw.cz\/index.php\/2022\/02\/09\/verze-v04r22m03\/","title":{"rendered":"Verze V04R22M03"},"content":{"rendered":"\n<p>V\u00e1\u017een\u00ed z\u00e1kazn\u00edci,<\/p>\n\n\n\n<p>v\u00a0souvislosti se z\u00e1konem 17\/2022 Sb. s\u00a0\u00fa\u010dinnost\u00ed od 28. 1. 2022, kter\u00fd do\u010dasn\u011b upravuje normativn\u00ed n\u00e1klady na bydlen\u00ed pro obdob\u00ed 1. 1. 2022 \u2013 31. 12. 2022, do\u0161lo k\u00a0nejednozna\u010dn\u00e9 pr\u00e1vn\u00ed situaci, na kterou jsme nuceni reagovat a o jej\u00ed\u017e povaze si V\u00e1s dovolujeme informovat t\u00edmto sd\u011blen\u00edm.<\/p>\n\n\n\n<p>Velmi se omlouv\u00e1me za komplikace, kter\u00e9 v\u00e1m n\u00ed\u017ee popsan\u00e1 situace zp\u016fsobuje, nicm\u00e9n\u011b v\u00a0tomto p\u0159\u00edpad\u011b jsme spole\u010dn\u011b ob\u011bt\u00ed nep\u0159esn\u011b formulovan\u00e9 legislativn\u00ed \u00fapravy s\u00a0\u00fa\u010dinnost\u00ed neposkytuj\u00edc\u00ed \u010dasov\u00fd prostor pro vyjasn\u011bn\u00ed pr\u00e1vn\u00edho n\u00e1zoru. I za t\u011bchto podm\u00ednek se V\u00e1m sna\u017e\u00edme p\u0159ipravit funkce syst\u00e9mu tak, aby odpov\u00eddaly v\u00fdkladu, kter\u00fd budete preferovat a kter\u00fd pova\u017eujete za spr\u00e1vn\u00fd. Situaci nad\u00e1le sledujeme a v\u00a0p\u0159\u00edpad\u011b jej\u00edho vyjasn\u011bn\u00ed funk\u010dnost uprav\u00edme jednozna\u010dn\u011b.<\/p>\n\n\n\n<h4 class=\"wp-block-heading\">a) Normativn\u00ed n\u00e1klady na bydlen\u00ed<\/h4>\n\n\n\n<p>Normativn\u00ed n\u00e1klady na bydlen\u00ed jsou stanoveny jako pr\u016fm\u011brn\u00e9 celkov\u00e9 n\u00e1klady na bydlen\u00ed podle velikosti obce a po\u010dtu \u010dlen\u016f dom\u00e1cnosti a vstupuj\u00ed jako z\u00e1kladn\u00ed veli\u010dina do dvou n\u00e1sleduj\u00edc\u00edch kalkulac\u00ed:<\/p>\n\n\n\n<ul class=\"wp-block-list\"><li>v\u00fdpo\u010det vzniku n\u00e1roku na p\u0159\u00edsp\u011bvek na bydlen\u00ed<\/li><li>v\u00fdpo\u010det nezabaviteln\u00e9 \u010d\u00e1stky pro v\u00fdpo\u010det exekuc\u00ed<\/li><\/ul>\n\n\n\n<p>V\u00a0prosinci roku 2021 do\u0161lo k b\u011b\u017en\u00e9mu nav\u00fd\u0161en\u00ed normativn\u00edch n\u00e1klad\u016f na bydlen\u00ed pro rok 2022, kter\u00e9 bylo reflektov\u00e1no v\u00a0legislativn\u00ed verzi pro rok 2022.<\/p>\n\n\n\n<h4 class=\"wp-block-heading\">b) Mimo\u0159\u00e1dn\u00e9 nav\u00fd\u0161en\u00ed normativn\u00edch n\u00e1klad\u016f na bydlen\u00ed s\u00a0\u00fa\u010dinnost\u00ed od 28. 1. 2022<\/h4>\n\n\n\n<p>S\u00a0\u00fa\u010dinnost\u00ed od 28. 1. 2022 do\u0161lo v\u00fd\u0161e uveden\u00fdm z\u00e1konem 17\/2022 Sb. v\u00a0souvislosti s\u00a0n\u00e1r\u016fstem cen energi\u00ed k\u00a0dal\u0161\u00edmu nav\u00fd\u0161en\u00ed \u010d\u00e1stky normativn\u00edch n\u00e1klad\u016f na bydlen\u00ed pro cel\u00fd rok 2022, p\u0159i\u010dem\u017e v\u00a0z\u00e1kon\u011b je v\u00a0\u010cl. I, odst. 7 mj. v\u00fdslovn\u011b stanoveno, \u017ee se do p\u016fvodn\u00ed \u00fapravy vkl\u00e1d\u00e1 nov\u00fd \u00a726a:<\/p>\n\n\n\n<p><strong>\u010c\u00e1stky nav\u00fd\u0161en\u00ed m\u011bs\u00ed\u010dn\u00edch normativn\u00edch n\u00e1klad\u016f na bydlen\u00ed pro rok 2022<\/strong><\/p>\n\n\n\n<p>(1) \u010c\u00e1stky m\u011bs\u00ed\u010dn\u00edch normativn\u00edch n\u00e1klad\u016f na bydlen\u00ed stanoven\u00e9 na\u0159\u00edzen\u00edm vl\u00e1dy vydan\u00fdm podle \u00a7 28 pro rok 2022 se pro obdob\u00ed od 1. ledna 2022 do 31. prosince 2022 navy\u0161uj\u00ed pro stanoven\u00ed n\u00e1roku na p\u0159\u00edsp\u011bvek na bydlen\u00ed a jeho v\u00fd\u0161i o \u010d\u00e1stky stanoven\u00e9 v odstavci 2.<\/p>\n\n\n\n<p>Tato formulace bohu\u017eel vede k\u00a0nejednotnosti pr\u00e1vn\u00edho v\u00fdkladu, nebo\u0165, a\u010d se zd\u00e1 b\u00fdt patrn\u00fdm \u00famysl z\u00e1konod\u00e1rce nav\u00fd\u0161it normativn\u00ed n\u00e1klady pouze pro \u00fa\u010del stanoven\u00ed n\u00e1roku na p\u0159\u00edsp\u011bvek na bydlen\u00ed a jeho v\u00fd\u0161i, vznikla zde pr\u00e1vn\u00ed nejasnost, zda je takov\u00e9to nav\u00fd\u0161en\u00ed mo\u017en\u00e9 pouze pro jeden jmenovan\u00fd \u00fa\u010del a nikoli i pro \u00fa\u010dely ostatn\u00ed (tj. v\u00fdpo\u010det nezabaviteln\u00e9 \u010d\u00e1stky).<\/p>\n\n\n\n<h4 class=\"wp-block-heading\">c) St\u00e1vaj\u00edc\u00ed \u0159e\u0161en\u00ed v\u00a0syst\u00e9mu Nugget<\/h4>\n\n\n\n<p>Na\u0161e spole\u010dnost vych\u00e1zela p\u0159i prvotn\u00edm posouzen\u00ed z\u00e1kona z\u00a0pr\u00e1vn\u00edho v\u00fdkladu, jen\u017e se zd\u00e1 b\u00fdt shodn\u00fd s\u00a0\u00famyslem z\u00e1konod\u00e1rce, a nav\u00fd\u0161en\u00ed normativn\u00edch n\u00e1klad\u016f na bydlen\u00ed do v\u00fdpo\u010dtu nezabaviteln\u00e9 \u010d\u00e1stky pro v\u00fdpo\u010det exekuc\u00ed nezahrnula. \u00a0<\/p>\n\n\n\n<p>N\u00e1sledn\u011b jsme v\u0161ak byl konfrontov\u00e1n\u00ed s&nbsp;odli\u0161n\u00fdm pr\u00e1vn\u00edm n\u00e1zorem, kter\u00fd poukazoval na nemo\u017enost nav\u00fd\u0161en\u00ed normativn\u00edch n\u00e1klad\u016f pouze jedno\u00fa\u010delov\u011b a vy\u017eaduj\u00edc\u00edm prom\u00edtnut\u00ed nav\u00fd\u0161en\u00ed i pro \u00fa\u010del v\u00fdpo\u010dtu nezabaviteln\u00e9 \u010d\u00e1stky.<\/p>\n\n\n\n<p>V&nbsp;\u010dasov\u00e9 t\u00edsni v&nbsp;obdob\u00ed v\u00fdpo\u010dtu mezd jsme tak vydali dne 4. 2. 2022 programovou verzi V4R22M02 s&nbsp;prom\u00edtnut\u00edm nav\u00fd\u0161en\u00ed do v\u00fdpo\u010dtu nezabaviteln\u00e9 \u010d\u00e1stky pro v\u00fdpo\u010det exekuce.<\/p>\n\n\n\n<p>Z\u00a0podrobn\u011bj\u0161\u00edho pr\u00e1vn\u00edho pr\u016fzkumu jsme do\u0161li k\u00a0dal\u0161\u00edm vz\u00e1jemn\u011b si odporuj\u00edc\u00edm pr\u00e1vn\u00edm v\u00fdklad\u016fm. V\u00a0tuto chv\u00edli mus\u00edme s\u00a0politov\u00e1n\u00edm konstatovat, \u017ee neexistuje \u017e\u00e1dn\u00fd z\u00e1vazn\u00fd ofici\u00e1ln\u00ed pr\u00e1vn\u00ed v\u00fdklad, kter\u00fd by situaci vyjasnil.<\/p>\n\n\n\n<h4 class=\"wp-block-heading\">d) \u00daprava \u0159e\u0161en\u00ed v\u00a0syst\u00e9mu Nugget od 8. 2. 2022 (verze V4R22M03)<\/h4>\n\n\n\n<p>Proto\u017ee jsme ale i v\u00a0situaci tohoto pr\u00e1vn\u00edho zmatku nuceni n\u011bkter\u00e9 z\u00a0\u0159e\u0161en\u00ed zakomponovat do syst\u00e9mu, rozhodli jsme se poskytnout V\u00e1m dle na\u0161eho n\u00e1zoru nejlep\u0161\u00ed \u0159e\u0161en\u00ed i mo\u017enost volby vlastn\u00edho pr\u00e1vn\u00edho n\u00e1zoru.<\/p>\n\n\n\n<p>Do doby vyjasn\u011bn\u00ed pr\u00e1vn\u00ed situace budeme v software Nugget reflektovat p\u0159edpokl\u00e1dan\u00fd \u00famysl z\u00e1konod\u00e1rce, a tedy jednor\u00e1zov\u00e9 nav\u00fd\u0161en\u00ed normativn\u00edch n\u00e1klad\u016f na bydlen\u00ed dle z\u00e1kona 17\/2022 Sb. NEBUDE prom\u00edtnuto do v\u00fdpo\u010dtu nezabaviteln\u00e9 \u010d\u00e1stky pro z\u00e1klad exekuc\u00ed.<\/p>\n\n\n\n<p>Zde vych\u00e1z\u00edme i z&nbsp;textace d\u016fvodov\u00e9 zpr\u00e1vy k&nbsp;z\u00e1konu:<\/p>\n\n\n\n<p>P\u0159ipo\u010dten\u00edm stanoven\u00e9 \u010d\u00e1stky k normativn\u00edm n\u00e1klad\u016fm, nikoli jejich nav\u00fd\u0161en\u00edm, bude dosa\u017eeno:<\/p>\n\n\n\n<ul class=\"wp-block-list\"><li>Roz\u0161\u00ed\u0159en\u00ed okruhu osob podpo\u0159en\u00fdch p\u0159\u00edsp\u011bvkem na bydlen\u00ed.<\/li><li>Zv\u00fd\u0161en\u00ed podpory p\u0159\u00edjm\u016f u dosavadn\u00edch p\u0159\u00edjemc\u016f.<\/li><li>Podpory dom\u00e1cnost\u00ed za mimo\u0159\u00e1dn\u00e9 situace prudk\u00e9ho zv\u00fd\u0161en\u00ed cen energi\u00ed.<\/li><li>Nenaru\u0161en\u00ed procesu pravideln\u00e9ho zvy\u0161ov\u00e1n\u00ed normativn\u00edch n\u00e1klad\u016f na bydlen\u00ed formou na\u0159\u00edzen\u00ed vl\u00e1dy podle zmocn\u011bn\u00ed v z\u00e1kon\u011b o st\u00e1tn\u00ed soci\u00e1ln\u00ed podpo\u0159e.<\/li><\/ul>\n\n\n\n<p>Zde je ji\u017e v\u00fdslovn\u011b uvedeno \u201ep\u0159ipo\u010dten\u00ed \u010d\u00e1stky k&nbsp;normativn\u00edm n\u00e1klad\u016fm, nikoli jejich nav\u00fd\u0161en\u00ed\u201c. Z&nbsp;uveden\u00e9ho je patrn\u00e9, \u017ee \u00famyslem z\u00e1konod\u00e1rce nebylo nav\u00fd\u0161en\u00ed normativn\u00edch n\u00e1klad\u016f jako takov\u00fdch (tj. jak vstupuj\u00ed do v\u00fdpo\u010dtu nezabaviteln\u00e9 \u010d\u00e1stky), ale pouh\u00e9 p\u0159ipo\u010d\u00edt\u00e1n\u00ed \u010d\u00e1stky k&nbsp;normativn\u00edm n\u00e1klad\u016fm pro samostatn\u00fd \u00fa\u010del stanoven\u00ed n\u00e1roku na p\u0159\u00edsp\u011bvek na bydlen\u00ed.<\/p>\n\n\n\n<p><strong>Od 8. 2. 2022 bude na webov\u00fdch str\u00e1nk\u00e1ch k\u00a0dispozici nov\u00e1 programov\u00e1 verze V4M22R03, kter\u00e1 bude tuto skute\u010dnost reflektovat a vr\u00e1t\u00ed se tedy k\u00a0v\u00fdpo\u010dtu nezabaviteln\u00e9 \u010d\u00e1stky v\u00a0legislativn\u00ed verzi V4R22M00 a M01. Nezabaviteln\u00e1 \u010d\u00e1stka tedy nebude nav\u00fd\u0161ena<\/strong>.<\/p>\n\n\n\n<p>Akceptujete-li pr\u00e1vn\u00ed v\u00fdklad, nezahrnuj\u00edc\u00ed nav\u00fd\u0161en\u00ed normativn\u00edch n\u00e1klad\u016f na bydlen\u00ed do v\u00fdpo\u010dtu nezabaviteln\u00e9 \u010d\u00e1stky:<\/p>\n\n\n\n<ul class=\"wp-block-list\"><li>Pokud jste instalovali verzi V4R22M02 z&nbsp;4. 2. 2022, nainstalujte obratem programovou verzi V4R22M03.<\/li><li>Pokud jste verzi V4R22M02 dosud neinstalovali, m\u016f\u017eete z\u016fstat u ni\u017e\u0161\u00ed programov\u00e9 verze, nicm\u00e9n\u011b doporu\u010dujeme t\u00e9\u017e st\u00e1hnout a instalovat aktu\u00e1ln\u00ed programovou verzi V4R22M03.<\/li><\/ul>\n\n\n\n<p>Neakceptujete-li uveden\u00fd pr\u00e1vn\u00ed v\u00fdklad a up\u0159ednost\u0148ujete-li v\u00fdklad vynucuj\u00edc\u00ed zapo\u010d\u00edt\u00e1n\u00ed nav\u00fd\u0161en\u00ed normativn\u00edch n\u00e1klad\u016f na bydlen\u00ed do nezabaviteln\u00e9 \u010d\u00e1stky pro v\u00fdpo\u010det exekuc\u00ed:<\/p>\n\n\n\n<ul class=\"wp-block-list\"><li>obratem n\u00e1s informujte na e-mailu <a href=\"mailto:hotline@nuggetsw.cz\">hotline@nuggetsw.cz<\/a> o sv\u00e9m rozhodnut\u00ed<\/li><li>Pokud jste instalovali verzi V4R22M02, verzi V4R22M03 neinstalujte. Pro budouc\u00ed verze v\u00e1m zajist\u00edme programovou \u00fapravu, kter\u00e1 Va\u0161e rozhodnut\u00ed zohledn\u00ed trvale.<\/li><li>Pokud jste verzi V4R22M02 dosud nenainstalovali, nainstalujte verzi V4R22M03 a my v\u00e1m za\u0161leme jednor\u00e1zovou \u00fapravu pro tuto verzi, kter\u00e1 zohledn\u00ed Va\u0161e rozhodnut\u00ed, a sou\u010dasn\u011b p\u0159iprav\u00edme programovou \u00fapravu, kter\u00e9 je trvale zohledn\u00ed i pro budouc\u00ed programov\u00e9 verze.<\/li><\/ul>\n\n\n\n<p>D\u011bkujeme za pochopen\u00ed<\/p>\n\n\n\n<p>T\u00fdm Nugget SW<\/p>\n","protected":false},"excerpt":{"rendered":"<p>V\u00a0souvislosti se z\u00e1konem 17\/2022 Sb. s\u00a0\u00fa\u010dinnost\u00ed od 28. 1. 2022, kter\u00fd do\u010dasn\u011b upravuje normativn\u00ed n\u00e1klady na bydlen\u00ed pro obdob\u00ed 1. 1. 2022 \u2013 31. 12. 2022, do\u0161lo k\u00a0nejednozna\u010dn\u00e9 pr\u00e1vn\u00ed situaci, na kterou jsme nuceni reagovat a o jej\u00ed\u017e povaze si V\u00e1s dovolujeme informovat t\u00edmto sd\u011blen\u00edm. Pros\u00edm, p\u0159e\u010dt\u011bte si tento \u010dl\u00e1nek, a\u0165 v\u00edte, co d\u011blat.<\/p>\n","protected":false},"author":3,"featured_media":0,"comment_status":"closed","ping_status":"closed","sticky":false,"template":"","format":"standard","meta":{"footnotes":""},"categories":[121],"tags":[],"class_list":["post-2816","post","type-post","status-publish","format-standard","hentry","category-verze"],"_links":{"self":[{"href":"https:\/\/podpora.nuggetsw.cz\/index.php\/wp-json\/wp\/v2\/posts\/2816","targetHints":{"allow":["GET"]}}],"collection":[{"href":"https:\/\/podpora.nuggetsw.cz\/index.php\/wp-json\/wp\/v2\/posts"}],"about":[{"href":"https:\/\/podpora.nuggetsw.cz\/index.php\/wp-json\/wp\/v2\/types\/post"}],"author":[{"embeddable":true,"href":"https:\/\/podpora.nuggetsw.cz\/index.php\/wp-json\/wp\/v2\/users\/3"}],"replies":[{"embeddable":true,"href":"https:\/\/podpora.nuggetsw.cz\/index.php\/wp-json\/wp\/v2\/comments?post=2816"}],"version-history":[{"count":1,"href":"https:\/\/podpora.nuggetsw.cz\/index.php\/wp-json\/wp\/v2\/posts\/2816\/revisions"}],"predecessor-version":[{"id":2817,"href":"https:\/\/podpora.nuggetsw.cz\/index.php\/wp-json\/wp\/v2\/posts\/2816\/revisions\/2817"}],"wp:attachment":[{"href":"https:\/\/podpora.nuggetsw.cz\/index.php\/wp-json\/wp\/v2\/media?parent=2816"}],"wp:term":[{"taxonomy":"category","embeddable":true,"href":"https:\/\/podpora.nuggetsw.cz\/index.php\/wp-json\/wp\/v2\/categories?post=2816"},{"taxonomy":"post_tag","embeddable":true,"href":"https:\/\/podpora.nuggetsw.cz\/index.php\/wp-json\/wp\/v2\/tags?post=2816"}],"curies":[{"name":"wp","href":"https:\/\/api.w.org\/{rel}","templated":true}]}}