
{"id":2738,"date":"2022-01-06T12:30:00","date_gmt":"2022-01-06T12:30:00","guid":{"rendered":"https:\/\/podpora.nuggetsw.cz\/?p=2738"},"modified":"2022-01-11T12:32:41","modified_gmt":"2022-01-11T12:32:41","slug":"verze-v04r21m40","status":"publish","type":"post","link":"https:\/\/podpora.nuggetsw.cz\/index.php\/2022\/01\/06\/verze-v04r21m40\/","title":{"rendered":"Verze V04R21M40"},"content":{"rendered":"\n<p>S U B S Y S T \u00c9 M   M Z D Y<\/p>\n\n\n\n<ol class=\"wp-block-list\"><li><strong>\u00daprava mimo\u0159\u00e1dn\u00e9ho p\u0159\u00edsp\u011bvku ke karant\u00e9n\u011b a izolaci (tzv. izola\u010dka)<\/strong><\/li><\/ol>\n\n\n\n<p>Vzhledem k up\u0159es\u0148uj\u00edc\u00edmu v\u00fdkladu \u010cSSZ p\u0159i poskytov\u00e1n\u00ed p\u0159\u00edsp\u011bvku ke karant\u00e9n\u011b je provedena \u00faprava,<br>a to z d\u016fvodu d\u00e9lky trv\u00e1n\u00ed karant\u00e9ny\/izolace a n\u00e1sledn\u00e9mu zapo\u010dten\u00ed d\u00e9lky soci\u00e1ln\u00ed ud\u00e1losti,<br>kter\u00e1 spad\u00e1 do doby \u00fa\u010dinnosti z\u00e1kona tj. 23.12.2021.<br>Zam\u011bstnanci p\u0159\u00edslu\u0161\u00ed p\u0159\u00edsp\u011bvek za ka\u017ed\u00fd kalend\u00e1\u0159n\u00ed den, nejd\u00e9le v\u0161ak po dobu prvn\u00edch 14 kalend\u00e1\u0159n\u00edch dn\u016f<br>trv\u00e1n\u00ed na\u0159\u00edzen\u00e9 karant\u00e9ny.<\/p>\n\n\n\n<ul class=\"wp-block-list\"><li>Pokud zam\u011bstnanci byla na\u0159\u00edzena karant\u00e9na 1.12.2021 a pozd\u011bji, p\u0159\u00edslu\u0161\u00ed mu p\u0159\u00edsp\u011bvek od prvn\u00edho dne<br>trv\u00e1n\u00ed karant\u00e9ny, pokud na\u0159\u00edzen\u00e1 karant\u00e9na trvala aspo\u0148 v den nabyt\u00ed \u00fa\u010dinnosti z\u00e1kona, tj. 23. 12. 2021.<\/li><li>N\u00e1rok na p\u0159\u00edsp\u011bvek nem\u00e1 zam\u011bstnanec, kter\u00e9mu byla na\u0159\u00edzena karant\u00e9na p\u0159ed datem 1.12.2021,<br>p\u0159esto\u017ee karant\u00e9na trvala i po 30.11.2021 &#8211; to plat\u00ed i v p\u0159\u00edpad\u011b na\u0159\u00edzen\u00e9 izolace, kter\u00e1 navazuje na p\u0159edchoz\u00ed<br>karant\u00e9nu, p\u0159esto\u017ee izolace byla na\u0159\u00edzena po 30.11.2021 a trv\u00e1 ke dni nabyt\u00ed \u00fa\u010dinnosti z\u00e1kona.<br>(karant\u00e9na a izolace se pro \u00fa\u010dely z\u00e1kona pova\u017euje za jednu soci\u00e1ln\u00ed ud\u00e1lost)<\/li><\/ul>\n\n\n\n<p><strong>P\u0159\u00edklad \u010d. 1<\/strong>:<br>Zam\u011bstnanci byla na\u0159\u00edzena karant\u00e9na a n\u00e1sledn\u011b izolace celkem na 20 dn\u016f (6.12.2021 &#8211; 25.12.2021).<br>Zam\u011bstnanec m\u00e1 n\u00e1rok na p\u0159\u00edsp\u011bvek za prvn\u00edch 14 kalend\u00e1\u0159n\u00edch dn\u016f trv\u00e1n\u00ed karant\u00e9ny, (tj. 6.12.2021 &#8211; 19.12.2021).<br>Od 15. kalend\u00e1\u0159n\u00edho dne trv\u00e1n\u00ed (tj. od 20.12.2021) p\u0159\u00edslu\u0161\u00ed zam\u011bstnanci nemocensk\u00e9.<\/p>\n\n\n\n<p><strong>P\u0159\u00edklad \u010d. 2<\/strong>:<br>Zam\u011bstnanci byla na\u0159\u00edzena karant\u00e9na a n\u00e1sledn\u011b izolace celkem na 27 dn\u016f (29.11.2021 &#8211; 25.12.2021).<br>Zam\u011bstnanec n\u00e1rok na p\u0159\u00edsp\u011bvek nem\u00e1, proto\u017ee karant\u00e9na mu byla na\u0159\u00edzena p\u0159ede dnem 1.12.2021, a to navzdory tomu,<br>\u017ee izolace trv\u00e1 ke dni nabyt\u00ed \u00fa\u010dinnosti z\u00e1kona.<\/p>\n\n\n\n<p><strong>2. Navazuj\u00edc\u00ed pracovn\u00ed nep\u0159\u00edtomnost karant\u00e9na-karant\u00e9na<\/strong><\/p>\n\n\n\n<p>V p\u0159\u00edpad\u011b, kdy je prvn\u00ed nep\u0159\u00edtomnost\u00ed karant\u00e9na a navazuj\u00edc\u00ed tak\u00e9 karant\u00e9na, je nutn\u00e9 za\u0161krtnout pol\u00ed\u010dko &#8222;Navazuj\u00edc\u00ed&#8220; i u prvn\u00ed<br>nep\u0159\u00edtomnosti. (Tzn. pokud bude navazovat karant\u00e9na na karant\u00e9nu, bude ozna\u010den parametr &#8222;Navazuj\u00edc\u00ed&#8220; u obou z nich.)<\/p>\n","protected":false},"excerpt":{"rendered":"<p>1. \u00daprava mimo\u0159\u00e1dn\u00e9ho p\u0159\u00edsp\u011bvku ke karant\u00e9n\u011b a izolaci (tzv. izola\u010dka)<br \/>\n2. Navazuj\u00edc\u00ed pracovn\u00ed nep\u0159\u00edtomnost karant\u00e9na-karant\u00e9na<\/p>\n","protected":false},"author":3,"featured_media":0,"comment_status":"closed","ping_status":"closed","sticky":false,"template":"","format":"standard","meta":{"footnotes":""},"categories":[121],"tags":[],"class_list":["post-2738","post","type-post","status-publish","format-standard","hentry","category-verze"],"_links":{"self":[{"href":"https:\/\/podpora.nuggetsw.cz\/index.php\/wp-json\/wp\/v2\/posts\/2738","targetHints":{"allow":["GET"]}}],"collection":[{"href":"https:\/\/podpora.nuggetsw.cz\/index.php\/wp-json\/wp\/v2\/posts"}],"about":[{"href":"https:\/\/podpora.nuggetsw.cz\/index.php\/wp-json\/wp\/v2\/types\/post"}],"author":[{"embeddable":true,"href":"https:\/\/podpora.nuggetsw.cz\/index.php\/wp-json\/wp\/v2\/users\/3"}],"replies":[{"embeddable":true,"href":"https:\/\/podpora.nuggetsw.cz\/index.php\/wp-json\/wp\/v2\/comments?post=2738"}],"version-history":[{"count":1,"href":"https:\/\/podpora.nuggetsw.cz\/index.php\/wp-json\/wp\/v2\/posts\/2738\/revisions"}],"predecessor-version":[{"id":2739,"href":"https:\/\/podpora.nuggetsw.cz\/index.php\/wp-json\/wp\/v2\/posts\/2738\/revisions\/2739"}],"wp:attachment":[{"href":"https:\/\/podpora.nuggetsw.cz\/index.php\/wp-json\/wp\/v2\/media?parent=2738"}],"wp:term":[{"taxonomy":"category","embeddable":true,"href":"https:\/\/podpora.nuggetsw.cz\/index.php\/wp-json\/wp\/v2\/categories?post=2738"},{"taxonomy":"post_tag","embeddable":true,"href":"https:\/\/podpora.nuggetsw.cz\/index.php\/wp-json\/wp\/v2\/tags?post=2738"}],"curies":[{"name":"wp","href":"https:\/\/api.w.org\/{rel}","templated":true}]}}