
{"id":1662,"date":"2021-08-02T14:23:50","date_gmt":"2021-08-02T14:23:50","guid":{"rendered":"https:\/\/podpora.nuggetsw.cz\/?p=1662"},"modified":"2021-09-06T13:47:47","modified_gmt":"2021-09-06T13:47:47","slug":"prodlouzeni-otcovske-na-deset-dnu-od-1-1-2022","status":"publish","type":"post","link":"https:\/\/podpora.nuggetsw.cz\/index.php\/2021\/08\/02\/prodlouzeni-otcovske-na-deset-dnu-od-1-1-2022\/","title":{"rendered":"Prodlou\u017een\u00ed otcovsk\u00e9 na deset dn\u016f od 1. 1. 2022"},"content":{"rendered":"<p>Podle sm\u011brnice EU o rovnov\u00e1ze mezi pracovn\u00edm a soukrom\u00fdm \u017eivotem by se m\u011bla d\u00e9lka otcovsk\u00e9 sjednotit v cel\u00e9 unii na deset dn\u016f. Sm\u011brnici je t\u0159eba do st\u00e1vaj\u00edc\u00edho \u010desk\u00e9ho syst\u00e9mu zapracovat nejpozd\u011bji do srpna 2022.<\/p>\n<p>Nyn\u00ed plat\u00ed, \u017ee &#8222;Otcovsk\u00e1&#8220; m\u016f\u017ee trvat sedm dn\u016f a mu\u017ei si ji mohou vybrat v prvn\u00edch \u0161esti t\u00fddnech po porodu. \u010cerp\u00e1n\u00ed nep\u016fjde p\u0159eru\u0161it a vybrat si zb\u00fdvaj\u00edc\u00ed \u010d\u00e1st pozd\u011bji.<\/p>\n<p>Otcovsk\u00e1\u00a0je d\u00e1vkou nemocensk\u00e9ho poji\u0161t\u011bn\u00ed, kter\u00e1 funguje teprve od \u00fanora 2018. Mohou si ji vybrat zam\u011bstnanci i podnikatel\u00e9, pokud odv\u00e1d\u011bj\u00ed\u00a0nemocensk\u00e9 poji\u0161t\u011bn\u00ed. Z n\u011bj pak dost\u00e1vaj\u00ed 70 procent takzvan\u00e9ho vym\u011b\u0159ovac\u00edho z\u00e1kladu (zjednodu\u0161en\u011b \u0159e\u010deno hrub\u00e9 mzdy), tedy stejn\u011b jako \u017eeny u pen\u011b\u017eit\u00e9 pomoci v mate\u0159stv\u00ed neboli mate\u0159sk\u00e9.<\/p>\n<p>Bli\u017e\u0161\u00ed informace naleznete:<\/p>\n<p>Zdroj:\u00a0<a href=\"https:\/\/www.penize.cz\/rodicovstvi\/428001-otcovska-dovolena-se-prodlouzi-schvalili-poslanci\">https:\/\/www.penize.cz\/rodicovstvi\/428001-otcovska-dovolena-se-prodlouzi-schvalili-poslanci<\/a><\/p>\n","protected":false},"excerpt":{"rendered":"<p>Podle sm\u011brnice EU o rovnov\u00e1ze mezi pracovn\u00edm a soukrom\u00fdm \u017eivotem by se m\u011bla d\u00e9lka otcovsk\u00e9 sjednotit v cel\u00e9 unii na deset dn\u016f. Sm\u011brnici je t\u0159eba do st\u00e1vaj\u00edc\u00edho \u010desk\u00e9ho syst\u00e9mu zapracovat nejpozd\u011bji do srpna 2022.<\/p>\n","protected":false},"author":3,"featured_media":0,"comment_status":"closed","ping_status":"closed","sticky":false,"template":"","format":"standard","meta":{"footnotes":""},"categories":[365],"tags":[],"class_list":["post-1662","post","type-post","status-publish","format-standard","hentry","category-clanky"],"_links":{"self":[{"href":"https:\/\/podpora.nuggetsw.cz\/index.php\/wp-json\/wp\/v2\/posts\/1662","targetHints":{"allow":["GET"]}}],"collection":[{"href":"https:\/\/podpora.nuggetsw.cz\/index.php\/wp-json\/wp\/v2\/posts"}],"about":[{"href":"https:\/\/podpora.nuggetsw.cz\/index.php\/wp-json\/wp\/v2\/types\/post"}],"author":[{"embeddable":true,"href":"https:\/\/podpora.nuggetsw.cz\/index.php\/wp-json\/wp\/v2\/users\/3"}],"replies":[{"embeddable":true,"href":"https:\/\/podpora.nuggetsw.cz\/index.php\/wp-json\/wp\/v2\/comments?post=1662"}],"version-history":[{"count":3,"href":"https:\/\/podpora.nuggetsw.cz\/index.php\/wp-json\/wp\/v2\/posts\/1662\/revisions"}],"predecessor-version":[{"id":1984,"href":"https:\/\/podpora.nuggetsw.cz\/index.php\/wp-json\/wp\/v2\/posts\/1662\/revisions\/1984"}],"wp:attachment":[{"href":"https:\/\/podpora.nuggetsw.cz\/index.php\/wp-json\/wp\/v2\/media?parent=1662"}],"wp:term":[{"taxonomy":"category","embeddable":true,"href":"https:\/\/podpora.nuggetsw.cz\/index.php\/wp-json\/wp\/v2\/categories?post=1662"},{"taxonomy":"post_tag","embeddable":true,"href":"https:\/\/podpora.nuggetsw.cz\/index.php\/wp-json\/wp\/v2\/tags?post=1662"}],"curies":[{"name":"wp","href":"https:\/\/api.w.org\/{rel}","templated":true}]}}