
{"id":1498,"date":"2021-07-21T09:03:40","date_gmt":"2021-07-21T09:03:40","guid":{"rendered":"https:\/\/podpora.nuggetsw.cz\/?p=1498"},"modified":"2021-07-21T11:33:33","modified_gmt":"2021-07-21T11:33:33","slug":"nugget-verze-v04r21m25_2021_07_08-8-7-2021","status":"publish","type":"post","link":"https:\/\/podpora.nuggetsw.cz\/index.php\/2021\/07\/21\/nugget-verze-v04r21m25_2021_07_08-8-7-2021\/","title":{"rendered":"Nugget verze V04R21M25 (8.7.2021)"},"content":{"rendered":"<h3 style=\"text-align: center;\">\u010cR LEGISLATIVA<\/h3>\n<h4>Sr\u00e1\u017een\u00ed dovolen\u00e9 u neomluven\u00e9 nep\u0159\u00edtomnosti<\/h4>\n<p>U zam\u011bstnanc\u016f, kte\u0159\u00ed m\u011bli v \u010dasov\u00e9m fondu zadanou neomluvenou nep\u0159\u00edtomnost a ukon\u010dovali pracovn\u00ed pom\u011br,<br \/>\nse chybn\u011b sr\u00e1\u017eela dovolen\u00e1 do z\u00e1porn\u00e9 hodnoty.<\/p>\n<h4>\u00daprava sr\u00e1\u017een\u00ed dovolen\u00e9 pro neomluvenou absenci<\/h4>\n<p style=\"text-align: left;\">V p\u0159\u00edpad\u011b, kdy m\u00e1te v nastaven\u00ed Z\u00e1kladn\u00edho parametrick\u00e9ho souboru Mzdy 2-7-1 nastaveno Po\u010det dn\u016f sr\u00e1\u017een\u00fdch pro neomluvenou absenci = 0, dovolen\u00e1 se nesr\u00e1\u017e\u00ed. Pokud je zde nastavena jin\u00e1 hodnota, dovolen\u00e1 se kr\u00e1t\u00ed dle z\u00e1kona, tj. 1 den za 1 sm\u011bnu neomluven\u00e9 absence. Dovolen\u00e1 se kr\u00e1t\u00ed v cel\u00fdch sm\u011bn\u00e1ch, od roku 2021 se \u010d\u00e1sti dn\u016f s\u010d\u00edtaj\u00ed.<\/p>\n<p style=\"text-align: left;\">Nap\u0159. Pokud zam\u011bstnanec zame\u0161k\u00e1 3 p\u016flky sm\u011bn pro neomluvenou absenci, ode\u010dte se mu celkem 1 den dovolen\u00e9. Den dovolen\u00e9 se p\u0159epo\u010d\u00edt\u00e1 na hodiny podle aktu\u00e1ln\u00edho \u00favazku zam\u011bstnance.<\/p>\n<p style=\"text-align: left;\">Pokud je zam\u011bstnanec zam\u011bstnan\u00fd u zam\u011bstnavatele po cel\u00fd kalend\u00e1\u0159n\u00ed rok, dovolen\u00e1 se kr\u00e1t\u00ed tak, aby zam\u011bstnanci z\u016fstaly minim\u00e1ln\u011b dva t\u00fddny dovolen\u00e9. Zde se pro ur\u010den\u00ed jednoho t\u00fddne dovolen\u00e9 pou\u017e\u00edv\u00e1 Pr\u016fm\u011brn\u00fd t\u00fddenn\u00ed \u00favazek.<\/p>\n<p style=\"text-align: left; padding-left: 40px;\">(po\u010det kalend\u00e1\u0159n\u00edch dn\u016f * \u00favazek) \/ 365 (po\u010det dn\u016f v roce) = pr\u016fm\u011brn\u00fd t\u00fddenn\u00ed \u00favazek<\/p>\n<h3 style=\"text-align: center;\">SR LEGISLATIVA<\/h3>\n<h4>Oprava automatick\u00e9ho nav\u00fd\u0161enie d\u013a\u017eky materskej dovolenky u slobodnej zamestnankyne.<\/h4>\n<p>V tejto verzii je opraven\u00e1 chyba vo v\u00fdpo\u010dte materskej dovolenky u slobodnej zamestnankyni. Ak ste v minulej verzii zad\u00e1vali matersk\u00fa dovolenku slobodn\u00e9 zamestnankyni alebo otcovi, zkotrolujte pros\u00edm d\u00e1tum ukon\u010denia materskej dovolenky.<\/p>\n<h4><\/h4>\n<h4>Legislat\u00edvne zmeny od 1.7.2021<\/h4>\n<ul>\n<li><strong>Zmena v\u00fd\u0161ky da\u0148ov\u00e9ho bonusu na die\u0165a od 1.7.2021<\/strong><\/li>\n<\/ul>\n<p style=\"padding-left: 80px;\">Schv\u00e1len\u00e1 novela z\u00e1kona \u010d. 595\/2003 Z. z. o dani z pr\u00edjmov v znen\u00ed neskor\u0161\u00edch predpisov (\u010falej len \u201ez\u00e1kon o dani z pr\u00edjmov\u201c) prin\u00e1\u0161a aj zv\u00fd\u0161enie sumy da\u0148ov\u00e9ho bonusu na die\u0165a, a to s \u00fa\u010dinnos\u0165ou od 1.7.2021. V\u00fd\u0161ka da\u0148ov\u00e9ho bonusu na die\u0165a bude od 1.7.2021 nasledovn\u00e1:<\/p>\n<ul>\n<li style=\"list-style-type: none;\">\n<ul>\n<li style=\"list-style-type: none;\">\n<ul>\n<li style=\"list-style-type: none;\">\n<ul>\n<li>pre deti do 6 rokov: 46,44 \u20ac mesa\u010dne (2 \u2013 n\u00e1sobok z\u00e1kladnej v\u00fd\u0161ky da\u0148ov\u00e9ho bonusu),<\/li>\n<li>ppre deti nad 6 do 15 rokov: 39,47 \u20ac mesa\u010dne (1,7 \u2013 n\u00e1sobok z\u00e1kladnej v\u00fd\u0161ky da\u0148ov\u00e9ho bonusu),<\/li>\n<li>pre deti od 15 do 25 rokov: 23,22 \u20ac mesa\u010dne (z\u00e1kladn\u00e1 v\u00fd\u0161ka da\u0148ov\u00e9ho bonusu).<\/li>\n<\/ul>\n<\/li>\n<\/ul>\n<\/li>\n<\/ul>\n<\/li>\n<\/ul>\n<p>&nbsp;<\/p>\n<ul>\n<li><strong>Zv\u00fd\u0161enie s\u00fam \u017eivotn\u00e9ho minima od 1.7.2021<\/strong><\/li>\n<\/ul>\n<p style=\"padding-left: 80px;\">Nako\u013eko sa suma \u017eivotn\u00e9ho minima upravuje v\u017edy k 1. j\u00falu be\u017en\u00e9ho kalend\u00e1rneho roka, od 1.7.2021 do 30.6.2022 je platn\u00e1 nov\u00e1 suma \u017eivotn\u00e9ho<br \/>\nminima. Od 1. j\u00fala 2021 \u017eivotn\u00fdm minimom fyzickej osoby alebo fyzick\u00fdch os\u00f4b, ktor\u00fdch pr\u00edjmy sa posudzuj\u00fa, je suma alebo \u00fahrn s\u00fam:<\/p>\n<ul>\n<li style=\"list-style-type: none;\">\n<ul>\n<li style=\"list-style-type: none;\">\n<ul>\n<li style=\"list-style-type: none;\">\n<ul>\n<li>218,06 \u20ac mesa\u010dne, ak ide od jednu plnolet\u00fa fyzick\u00fa osobu,<\/li>\n<li>152,12 \u20ac mesa\u010dne, ak ide o \u010fal\u0161iu spolo\u010dne posudzovan\u00fa plnolet\u00fa fyzick\u00fa osobu,<\/li>\n<li>99,56 \u20ac mesa\u010dne, ak ide o nezaopatren\u00e9 die\u0165a alebo zaopatren\u00e9 neplnolet\u00e9 die\u0165a.<\/li>\n<\/ul>\n<\/li>\n<\/ul>\n<\/li>\n<\/ul>\n<\/li>\n<\/ul>\n","protected":false},"excerpt":{"rendered":"<p>\u010cR LEGISLATIVA Sr\u00e1\u017een\u00ed dovolen\u00e9 u neomluven\u00e9 absence, \u00daprava sr\u00e1\u017een\u00ed dovolen\u00e9 pro neomluvenou absenci<\/p>\n<p>SR LEGISLATIVA Legislat\u00edvn\u00e9 zm\u011bny od 1.7.2021 (Zmena v\u00fd\u0161ky da\u0148ov\u00e9ho bonusu na die\u0165a, Zv\u00fd\u0161enie s\u00fam \u017eivotn\u00e9ho minima), Oprava automatick\u00e9ho nav\u00fd\u0161enie d\u013a\u017eky materskej dovolenky u slobodnej zamestnankyne<\/p>\n","protected":false},"author":7,"featured_media":0,"comment_status":"closed","ping_status":"closed","sticky":false,"template":"","format":"standard","meta":{"footnotes":""},"categories":[121],"tags":[287,289,122,288],"class_list":["post-1498","post","type-post","status-publish","format-standard","hentry","category-verze","tag-bonusnadieta","tag-srazenidovolene","tag-verze","tag-zivotneminimum"],"_links":{"self":[{"href":"https:\/\/podpora.nuggetsw.cz\/index.php\/wp-json\/wp\/v2\/posts\/1498","targetHints":{"allow":["GET"]}}],"collection":[{"href":"https:\/\/podpora.nuggetsw.cz\/index.php\/wp-json\/wp\/v2\/posts"}],"about":[{"href":"https:\/\/podpora.nuggetsw.cz\/index.php\/wp-json\/wp\/v2\/types\/post"}],"author":[{"embeddable":true,"href":"https:\/\/podpora.nuggetsw.cz\/index.php\/wp-json\/wp\/v2\/users\/7"}],"replies":[{"embeddable":true,"href":"https:\/\/podpora.nuggetsw.cz\/index.php\/wp-json\/wp\/v2\/comments?post=1498"}],"version-history":[{"count":21,"href":"https:\/\/podpora.nuggetsw.cz\/index.php\/wp-json\/wp\/v2\/posts\/1498\/revisions"}],"predecessor-version":[{"id":1548,"href":"https:\/\/podpora.nuggetsw.cz\/index.php\/wp-json\/wp\/v2\/posts\/1498\/revisions\/1548"}],"wp:attachment":[{"href":"https:\/\/podpora.nuggetsw.cz\/index.php\/wp-json\/wp\/v2\/media?parent=1498"}],"wp:term":[{"taxonomy":"category","embeddable":true,"href":"https:\/\/podpora.nuggetsw.cz\/index.php\/wp-json\/wp\/v2\/categories?post=1498"},{"taxonomy":"post_tag","embeddable":true,"href":"https:\/\/podpora.nuggetsw.cz\/index.php\/wp-json\/wp\/v2\/tags?post=1498"}],"curies":[{"name":"wp","href":"https:\/\/api.w.org\/{rel}","templated":true}]}}